{"id":513,"date":"2021-03-23T13:03:06","date_gmt":"2021-03-23T12:03:06","guid":{"rendered":"https:\/\/becsingatlan.com\/pages\/?p=513"},"modified":"2021-03-23T13:09:20","modified_gmt":"2021-03-23T12:09:20","slug":"osztrak-nemzeti-bank-az-ingatlanok-aremelkedesi-uteme-ausztriaban-2020-vegen-is-eros-maradt","status":"publish","type":"post","link":"https:\/\/wienereigentumswohnungen.com\/pages\/osztrak-nemzeti-bank-az-ingatlanok-aremelkedesi-uteme-ausztriaban-2020-vegen-is-eros-maradt\/","title":{"rendered":"Osztr\u00e1k Nemzeti Bank: Az ingatlanok \u00e1remelked\u00e9si \u00fcteme Ausztri\u00e1ban 2020 v\u00e9g\u00e9n is er\u0151s maradt"},"content":{"rendered":"\n<p>Az osztr\u00e1k jegybank a h\u00e9ten friss\u00edtette negyed\u00e9ves hazai \u00e9s nemzetk\u00f6zi ingatlanpiaci kitekint\u00e9s\u00e9t. Ebb\u0151l egyr\u00e9szt kider\u00fcl, hogy mind a b\u00e9csi, mind az osztr\u00e1k vid\u00e9ki ingatlanok \u00e1ra 2020 utols\u00f3 negyed\u00e9v\u00e9ben a kor\u00e1bbi peri\u00f3dussal megegyez\u0151 m\u00e9rt\u00e9kben emelkedett. A b\u00e9csi lak\u00e1sok 2019 azonos id\u0151szak\u00e1hoz k\u00e9pest 9.4%-kal dr\u00e1gultak, 2020-ban eg\u00e9sz\u00e9ben \u00e1tlagosan 6.7%-kal \u00e9rtek t\u00f6bbet. 2020 m\u00e1sodik fel\u00e9ben lehetett m\u00e9g nagyobb keresletet \u00e9rz\u00e9kelni, els\u0151sorban az erk\u00e9llyel rendelkez\u0151, otthoni munk\u00e1ra is alkalmas vagy z\u00f6ld \u00f6vezetben fekv\u0151 objektumok ir\u00e1nt. Mindez \u00fagy ment v\u00e9gbe, hogy a lak\u00e1shitel-felv\u00e9teli kedv valamelyest m\u00e9rs\u00e9kl\u0151d\u00f6tt \u00e9s egyel\u0151re a kor\u00e1bbiakhoz k\u00e9pest extra \u00e1llami \u00f6szt\u00f6nz\u0151k sem \u00e1lltak a v\u00e1s\u00e1rl\u00f3k rendelkez\u00e9s\u00e9re.<\/p>\n\n\n\n<p>A k\u00f6z\u00e9p- \u00e9s kelet-eur\u00f3pai ingatlanpiacok els\u0151 f\u00e9l\u00e9vben tapasztalhat\u00f3 megbicsakl\u00e1s\u00e1t nagyr\u00e9szt enyh\u00edtett\u00e9k a m\u00e1sodik f\u00e9l\u00e9vben bevezetett mesters\u00e9ges \u00e1llami int\u00e9zked\u00e9sek, \u00edgy a t\u00e1mogatott hitelek \u00e9s a lak\u00e1sv\u00e1s\u00e1rl\u00e1st \u00f6szt\u00f6nz\u0151 programok vagy egy\u00e9b kedvezm\u00e9nyek, ad\u00f3cs\u00f6kkent\u00e9sek. Ezek m\u00e9rt\u00e9ke term\u00e9szetesen orsz\u00e1gonk\u00e9nt elt\u00e9rt, de a 2020. \u00e1prilisi m\u00e9lyponton &#8211; amely egyar\u00e1nt jelentett befektet\u00e9si \u00e9s \u00e9p\u00edt\u00e9si, beruh\u00e1z\u00e1si megtorpan\u00e1st &#8211; \u00fagy t\u0171nik, mindenki \u00e1tlend\u00fclt. A v\u00e9gleges 2020 harmadik negyed\u00e9ves adatok szerint ebben a t\u00e9rs\u00e9gben a leger\u0151sebb n\u00f6veked\u00e9st Lengyelorsz\u00e1g, Csehorsz\u00e1g \u00e9s Szlov\u00e1kia k\u00f6nyvelhette el ingatlanpiaci \u00e1rakat tekintve. Ugyan ezen orsz\u00e1gok \u00e1tlagos 9.2% k\u00f6r\u00fcli r\u00e1t\u00e1ja meghaladja az uni\u00f3s \u00e1tlag 4.9%-os \u00e9rt\u00e9k\u00e9t a harmadik negyed\u00e9vben, de elmarad az osztr\u00e1k 9.5%-os szintt\u0151l (v\u00e9gleges adat), az \u00e9v eg\u00e9sz\u00e9ben pedig enn\u00e9l m\u00e9g nagyobb az elt\u00e9r\u00e9s. (Megj.: az \u00e9rt\u00e9kek helyi deviz\u00e1ban \u00e9rtend\u0151k, \u00edgy a lemarad\u00e1s eur\u00f3ban sz\u00e1m\u00edtva Ausztri\u00e1hoz k\u00e9pest val\u00f3sz\u00edn\u0171leg enn\u00e9l nagyobb.). A legalacsonyabb \u00fctemet a t\u00e1gabb r\u00e9gi\u00f3ban Lettorsz\u00e1g, Rom\u00e1nia \u00e9s Szlov\u00e9nia \u00e9rte el.<\/p>\n\n\n\n<p>B\u00e9csben a lak\u00e1s\u00e1rak 2020 eg\u00e9sz\u00e9ben relat\u00edv stabil tendenci\u00e1t mutattak, \u00e1tlagosan 6.7%-kal emelkedtek, amely szignifik\u00e1ns gyorsul\u00e1st jelez a 2019-ben jegyzett 4.9%-r\u00f3l. Az emelked\u0151 trend a haszn\u00e1lt \u00e9s \u00faj lak\u00e1sokat egyar\u00e1nt jellemezte.<\/p>\n\n\n\n<div class=\"wp-block-image\"><figure class=\"aligncenter size-large\"><img loading=\"lazy\" decoding=\"async\" width=\"516\" height=\"517\" src=\"https:\/\/becsingatlan.com\/pages\/wp-content\/uploads\/2021\/03\/Bild1.png\" alt=\"\" class=\"wp-image-514\" srcset=\"https:\/\/wienereigentumswohnungen.com\/pages\/wp-content\/uploads\/2021\/03\/Bild1.png 516w, https:\/\/wienereigentumswohnungen.com\/pages\/wp-content\/uploads\/2021\/03\/Bild1-300x300.png 300w, https:\/\/wienereigentumswohnungen.com\/pages\/wp-content\/uploads\/2021\/03\/Bild1-150x150.png 150w\" sizes=\"auto, (max-width: 516px) 100vw, 516px\" \/><figcaption>Az ingatlan\u00e1rak emelked\u00e9s\u00e9nek m\u00e9rt\u00e9ke 2020-ban<br>Forr\u00e1s: Osztr\u00e1k Nemzeti Bank, Nagy Immobilien<\/figcaption><\/figure><\/div>\n\n\n\n<p>Forr\u00e1s: Osztr\u00e1k Nemzeti Bank<br><a href=\"https:\/\/www.oenb.at\/Publikationen\/Volkswirtschaft\/immobilien-aktuell.html\">https:\/\/www.oenb.at\/Publikationen\/Volkswirtschaft\/immobilien-aktuell.html<\/a><\/p>\n","protected":false},"excerpt":{"rendered":"<p>Az osztr\u00e1k jegybank a h\u00e9ten friss\u00edtette negyed\u00e9ves hazai \u00e9s nemzetk\u00f6zi ingatlanpiaci kitekint\u00e9s\u00e9t. Ebb\u0151l egyr\u00e9szt kider\u00fcl, hogy mind a b\u00e9csi, mind az osztr\u00e1k vid\u00e9ki ingatlanok \u00e1ra 2020 utols\u00f3 negyed\u00e9v\u00e9ben a kor\u00e1bbi peri\u00f3dussal megegyez\u0151 m\u00e9rt\u00e9kben emelkedett. A b\u00e9csi lak\u00e1sok 2019 azonos id\u0151szak\u00e1hoz k\u00e9pest 9.4%-kal dr\u00e1gultak, 2020-ban eg\u00e9sz\u00e9ben \u00e1tlagosan 6.7%-kal \u00e9rtek t\u00f6bbet. 2020 m\u00e1sodik fel\u00e9ben lehetett m\u00e9g nagyobb [&hellip;]<\/p>\n","protected":false},"author":2,"featured_media":0,"comment_status":"closed","ping_status":"closed","sticky":false,"template":"","format":"standard","meta":{"footnotes":""},"categories":[5],"tags":[],"class_list":["post-513","post","type-post","status-publish","format-standard","hentry","category-ingatlanpiaci_hirek"],"yoast_head":"<!-- This site is optimized with the Yoast SEO plugin v22.7 - https:\/\/yoast.com\/wordpress\/plugins\/seo\/ -->\n<title>Osztr\u00e1k Nemzeti Bank: Az ingatlanok \u00e1remelked\u00e9si \u00fcteme Ausztri\u00e1ban 2020 v\u00e9g\u00e9n is er\u0151s maradt - Wiener Eigentumswohnungen<\/title>\n<meta name=\"robots\" content=\"index, follow, max-snippet:-1, max-image-preview:large, max-video-preview:-1\" \/>\n<link rel=\"canonical\" href=\"https:\/\/wienereigentumswohnungen.com\/pages\/osztrak-nemzeti-bank-az-ingatlanok-aremelkedesi-uteme-ausztriaban-2020-vegen-is-eros-maradt\/\" \/>\n<meta property=\"og:locale\" content=\"en_US\" \/>\n<meta property=\"og:type\" content=\"article\" \/>\n<meta property=\"og:title\" content=\"Osztr\u00e1k Nemzeti Bank: Az ingatlanok \u00e1remelked\u00e9si \u00fcteme Ausztri\u00e1ban 2020 v\u00e9g\u00e9n is er\u0151s maradt - Wiener Eigentumswohnungen\" \/>\n<meta property=\"og:description\" content=\"Az osztr\u00e1k jegybank a h\u00e9ten friss\u00edtette negyed\u00e9ves hazai \u00e9s nemzetk\u00f6zi ingatlanpiaci kitekint\u00e9s\u00e9t. Ebb\u0151l egyr\u00e9szt kider\u00fcl, hogy mind a b\u00e9csi, mind az osztr\u00e1k vid\u00e9ki ingatlanok \u00e1ra 2020 utols\u00f3 negyed\u00e9v\u00e9ben a kor\u00e1bbi peri\u00f3dussal megegyez\u0151 m\u00e9rt\u00e9kben emelkedett. A b\u00e9csi lak\u00e1sok 2019 azonos id\u0151szak\u00e1hoz k\u00e9pest 9.4%-kal dr\u00e1gultak, 2020-ban eg\u00e9sz\u00e9ben \u00e1tlagosan 6.7%-kal \u00e9rtek t\u00f6bbet. 2020 m\u00e1sodik fel\u00e9ben lehetett m\u00e9g nagyobb [&hellip;]\" \/>\n<meta property=\"og:url\" content=\"https:\/\/wienereigentumswohnungen.com\/pages\/osztrak-nemzeti-bank-az-ingatlanok-aremelkedesi-uteme-ausztriaban-2020-vegen-is-eros-maradt\/\" \/>\n<meta property=\"og:site_name\" content=\"Wiener Eigentumswohnungen\" \/>\n<meta property=\"article:publisher\" content=\"https:\/\/www.facebook.com\/becsingatlanok\/\" \/>\n<meta property=\"article:published_time\" content=\"2021-03-23T12:03:06+00:00\" \/>\n<meta property=\"article:modified_time\" content=\"2021-03-23T12:09:20+00:00\" \/>\n<meta property=\"og:image\" content=\"https:\/\/becsingatlan.com\/pages\/wp-content\/uploads\/2021\/03\/Bild1.png\" \/>\n<meta name=\"author\" content=\"Zoltan Nagy\" \/>\n<meta name=\"twitter:card\" content=\"summary_large_image\" \/>\n<meta name=\"twitter:label1\" content=\"Written by\" \/>\n\t<meta name=\"twitter:data1\" content=\"Zoltan Nagy\" \/>\n\t<meta name=\"twitter:label2\" content=\"Est. reading time\" \/>\n\t<meta name=\"twitter:data2\" content=\"2 minutes\" \/>\n<script type=\"application\/ld+json\" class=\"yoast-schema-graph\">{\"@context\":\"https:\/\/schema.org\",\"@graph\":[{\"@type\":\"WebPage\",\"@id\":\"https:\/\/wienereigentumswohnungen.com\/pages\/osztrak-nemzeti-bank-az-ingatlanok-aremelkedesi-uteme-ausztriaban-2020-vegen-is-eros-maradt\/\",\"url\":\"https:\/\/wienereigentumswohnungen.com\/pages\/osztrak-nemzeti-bank-az-ingatlanok-aremelkedesi-uteme-ausztriaban-2020-vegen-is-eros-maradt\/\",\"name\":\"Osztr\u00e1k Nemzeti Bank: Az ingatlanok \u00e1remelked\u00e9si \u00fcteme Ausztri\u00e1ban 2020 v\u00e9g\u00e9n is er\u0151s maradt - Wiener Eigentumswohnungen\",\"isPartOf\":{\"@id\":\"https:\/\/wienereigentumswohnungen.com\/pages\/#website\"},\"primaryImageOfPage\":{\"@id\":\"https:\/\/wienereigentumswohnungen.com\/pages\/osztrak-nemzeti-bank-az-ingatlanok-aremelkedesi-uteme-ausztriaban-2020-vegen-is-eros-maradt\/#primaryimage\"},\"image\":{\"@id\":\"https:\/\/wienereigentumswohnungen.com\/pages\/osztrak-nemzeti-bank-az-ingatlanok-aremelkedesi-uteme-ausztriaban-2020-vegen-is-eros-maradt\/#primaryimage\"},\"thumbnailUrl\":\"https:\/\/becsingatlan.com\/pages\/wp-content\/uploads\/2021\/03\/Bild1.png\",\"datePublished\":\"2021-03-23T12:03:06+00:00\",\"dateModified\":\"2021-03-23T12:09:20+00:00\",\"author\":{\"@id\":\"https:\/\/wienereigentumswohnungen.com\/pages\/#\/schema\/person\/1731478b0ce667ef0f89dd249bad44d2\"},\"breadcrumb\":{\"@id\":\"https:\/\/wienereigentumswohnungen.com\/pages\/osztrak-nemzeti-bank-az-ingatlanok-aremelkedesi-uteme-ausztriaban-2020-vegen-is-eros-maradt\/#breadcrumb\"},\"inLanguage\":\"en-US\",\"potentialAction\":[{\"@type\":\"ReadAction\",\"target\":[\"https:\/\/wienereigentumswohnungen.com\/pages\/osztrak-nemzeti-bank-az-ingatlanok-aremelkedesi-uteme-ausztriaban-2020-vegen-is-eros-maradt\/\"]}]},{\"@type\":\"ImageObject\",\"inLanguage\":\"en-US\",\"@id\":\"https:\/\/wienereigentumswohnungen.com\/pages\/osztrak-nemzeti-bank-az-ingatlanok-aremelkedesi-uteme-ausztriaban-2020-vegen-is-eros-maradt\/#primaryimage\",\"url\":\"https:\/\/becsingatlan.com\/pages\/wp-content\/uploads\/2021\/03\/Bild1.png\",\"contentUrl\":\"https:\/\/becsingatlan.com\/pages\/wp-content\/uploads\/2021\/03\/Bild1.png\"},{\"@type\":\"BreadcrumbList\",\"@id\":\"https:\/\/wienereigentumswohnungen.com\/pages\/osztrak-nemzeti-bank-az-ingatlanok-aremelkedesi-uteme-ausztriaban-2020-vegen-is-eros-maradt\/#breadcrumb\",\"itemListElement\":[{\"@type\":\"ListItem\",\"position\":1,\"name\":\"Home\",\"item\":\"https:\/\/wienereigentumswohnungen.com\/pages\/\"},{\"@type\":\"ListItem\",\"position\":2,\"name\":\"Osztr\u00e1k Nemzeti Bank: Az ingatlanok \u00e1remelked\u00e9si \u00fcteme Ausztri\u00e1ban 2020 v\u00e9g\u00e9n is er\u0151s maradt\"}]},{\"@type\":\"WebSite\",\"@id\":\"https:\/\/wienereigentumswohnungen.com\/pages\/#website\",\"url\":\"https:\/\/wienereigentumswohnungen.com\/pages\/\",\"name\":\"Wiener Eigentumswohnungen\",\"description\":\"\",\"potentialAction\":[{\"@type\":\"SearchAction\",\"target\":{\"@type\":\"EntryPoint\",\"urlTemplate\":\"https:\/\/wienereigentumswohnungen.com\/pages\/?s={search_term_string}\"},\"query-input\":\"required name=search_term_string\"}],\"inLanguage\":\"en-US\"},{\"@type\":\"Person\",\"@id\":\"https:\/\/wienereigentumswohnungen.com\/pages\/#\/schema\/person\/1731478b0ce667ef0f89dd249bad44d2\",\"name\":\"Zoltan Nagy\",\"image\":{\"@type\":\"ImageObject\",\"inLanguage\":\"en-US\",\"@id\":\"https:\/\/wienereigentumswohnungen.com\/pages\/#\/schema\/person\/image\/\",\"url\":\"https:\/\/secure.gravatar.com\/avatar\/1600d03194e3298bd5da77a5123420a195925fb0e25be9a8ea962e15f6d0a4f2?s=96&d=mm&r=g\",\"contentUrl\":\"https:\/\/secure.gravatar.com\/avatar\/1600d03194e3298bd5da77a5123420a195925fb0e25be9a8ea962e15f6d0a4f2?s=96&d=mm&r=g\",\"caption\":\"Zoltan Nagy\"},\"sameAs\":[\"http:\/\/becsingatlan.com\"],\"url\":\"https:\/\/wienereigentumswohnungen.com\/pages\/author\/zoltan-nagy\/\"}]}<\/script>\n<!-- \/ Yoast SEO plugin. -->","yoast_head_json":{"title":"Osztr\u00e1k Nemzeti Bank: Az ingatlanok \u00e1remelked\u00e9si \u00fcteme Ausztri\u00e1ban 2020 v\u00e9g\u00e9n is er\u0151s maradt - Wiener Eigentumswohnungen","robots":{"index":"index","follow":"follow","max-snippet":"max-snippet:-1","max-image-preview":"max-image-preview:large","max-video-preview":"max-video-preview:-1"},"canonical":"https:\/\/wienereigentumswohnungen.com\/pages\/osztrak-nemzeti-bank-az-ingatlanok-aremelkedesi-uteme-ausztriaban-2020-vegen-is-eros-maradt\/","og_locale":"en_US","og_type":"article","og_title":"Osztr\u00e1k Nemzeti Bank: Az ingatlanok \u00e1remelked\u00e9si \u00fcteme Ausztri\u00e1ban 2020 v\u00e9g\u00e9n is er\u0151s maradt - Wiener Eigentumswohnungen","og_description":"Az osztr\u00e1k jegybank a h\u00e9ten friss\u00edtette negyed\u00e9ves hazai \u00e9s nemzetk\u00f6zi ingatlanpiaci kitekint\u00e9s\u00e9t. Ebb\u0151l egyr\u00e9szt kider\u00fcl, hogy mind a b\u00e9csi, mind az osztr\u00e1k vid\u00e9ki ingatlanok \u00e1ra 2020 utols\u00f3 negyed\u00e9v\u00e9ben a kor\u00e1bbi peri\u00f3dussal megegyez\u0151 m\u00e9rt\u00e9kben emelkedett. A b\u00e9csi lak\u00e1sok 2019 azonos id\u0151szak\u00e1hoz k\u00e9pest 9.4%-kal dr\u00e1gultak, 2020-ban eg\u00e9sz\u00e9ben \u00e1tlagosan 6.7%-kal \u00e9rtek t\u00f6bbet. 2020 m\u00e1sodik fel\u00e9ben lehetett m\u00e9g nagyobb [&hellip;]","og_url":"https:\/\/wienereigentumswohnungen.com\/pages\/osztrak-nemzeti-bank-az-ingatlanok-aremelkedesi-uteme-ausztriaban-2020-vegen-is-eros-maradt\/","og_site_name":"Wiener Eigentumswohnungen","article_publisher":"https:\/\/www.facebook.com\/becsingatlanok\/","article_published_time":"2021-03-23T12:03:06+00:00","article_modified_time":"2021-03-23T12:09:20+00:00","og_image":[{"url":"https:\/\/becsingatlan.com\/pages\/wp-content\/uploads\/2021\/03\/Bild1.png"}],"author":"Zoltan Nagy","twitter_card":"summary_large_image","twitter_misc":{"Written by":"Zoltan Nagy","Est. reading time":"2 minutes"},"schema":{"@context":"https:\/\/schema.org","@graph":[{"@type":"WebPage","@id":"https:\/\/wienereigentumswohnungen.com\/pages\/osztrak-nemzeti-bank-az-ingatlanok-aremelkedesi-uteme-ausztriaban-2020-vegen-is-eros-maradt\/","url":"https:\/\/wienereigentumswohnungen.com\/pages\/osztrak-nemzeti-bank-az-ingatlanok-aremelkedesi-uteme-ausztriaban-2020-vegen-is-eros-maradt\/","name":"Osztr\u00e1k Nemzeti Bank: Az ingatlanok \u00e1remelked\u00e9si \u00fcteme Ausztri\u00e1ban 2020 v\u00e9g\u00e9n is er\u0151s maradt - Wiener Eigentumswohnungen","isPartOf":{"@id":"https:\/\/wienereigentumswohnungen.com\/pages\/#website"},"primaryImageOfPage":{"@id":"https:\/\/wienereigentumswohnungen.com\/pages\/osztrak-nemzeti-bank-az-ingatlanok-aremelkedesi-uteme-ausztriaban-2020-vegen-is-eros-maradt\/#primaryimage"},"image":{"@id":"https:\/\/wienereigentumswohnungen.com\/pages\/osztrak-nemzeti-bank-az-ingatlanok-aremelkedesi-uteme-ausztriaban-2020-vegen-is-eros-maradt\/#primaryimage"},"thumbnailUrl":"https:\/\/becsingatlan.com\/pages\/wp-content\/uploads\/2021\/03\/Bild1.png","datePublished":"2021-03-23T12:03:06+00:00","dateModified":"2021-03-23T12:09:20+00:00","author":{"@id":"https:\/\/wienereigentumswohnungen.com\/pages\/#\/schema\/person\/1731478b0ce667ef0f89dd249bad44d2"},"breadcrumb":{"@id":"https:\/\/wienereigentumswohnungen.com\/pages\/osztrak-nemzeti-bank-az-ingatlanok-aremelkedesi-uteme-ausztriaban-2020-vegen-is-eros-maradt\/#breadcrumb"},"inLanguage":"en-US","potentialAction":[{"@type":"ReadAction","target":["https:\/\/wienereigentumswohnungen.com\/pages\/osztrak-nemzeti-bank-az-ingatlanok-aremelkedesi-uteme-ausztriaban-2020-vegen-is-eros-maradt\/"]}]},{"@type":"ImageObject","inLanguage":"en-US","@id":"https:\/\/wienereigentumswohnungen.com\/pages\/osztrak-nemzeti-bank-az-ingatlanok-aremelkedesi-uteme-ausztriaban-2020-vegen-is-eros-maradt\/#primaryimage","url":"https:\/\/becsingatlan.com\/pages\/wp-content\/uploads\/2021\/03\/Bild1.png","contentUrl":"https:\/\/becsingatlan.com\/pages\/wp-content\/uploads\/2021\/03\/Bild1.png"},{"@type":"BreadcrumbList","@id":"https:\/\/wienereigentumswohnungen.com\/pages\/osztrak-nemzeti-bank-az-ingatlanok-aremelkedesi-uteme-ausztriaban-2020-vegen-is-eros-maradt\/#breadcrumb","itemListElement":[{"@type":"ListItem","position":1,"name":"Home","item":"https:\/\/wienereigentumswohnungen.com\/pages\/"},{"@type":"ListItem","position":2,"name":"Osztr\u00e1k Nemzeti Bank: Az ingatlanok \u00e1remelked\u00e9si \u00fcteme Ausztri\u00e1ban 2020 v\u00e9g\u00e9n is er\u0151s maradt"}]},{"@type":"WebSite","@id":"https:\/\/wienereigentumswohnungen.com\/pages\/#website","url":"https:\/\/wienereigentumswohnungen.com\/pages\/","name":"Wiener Eigentumswohnungen","description":"","potentialAction":[{"@type":"SearchAction","target":{"@type":"EntryPoint","urlTemplate":"https:\/\/wienereigentumswohnungen.com\/pages\/?s={search_term_string}"},"query-input":"required name=search_term_string"}],"inLanguage":"en-US"},{"@type":"Person","@id":"https:\/\/wienereigentumswohnungen.com\/pages\/#\/schema\/person\/1731478b0ce667ef0f89dd249bad44d2","name":"Zoltan Nagy","image":{"@type":"ImageObject","inLanguage":"en-US","@id":"https:\/\/wienereigentumswohnungen.com\/pages\/#\/schema\/person\/image\/","url":"https:\/\/secure.gravatar.com\/avatar\/1600d03194e3298bd5da77a5123420a195925fb0e25be9a8ea962e15f6d0a4f2?s=96&d=mm&r=g","contentUrl":"https:\/\/secure.gravatar.com\/avatar\/1600d03194e3298bd5da77a5123420a195925fb0e25be9a8ea962e15f6d0a4f2?s=96&d=mm&r=g","caption":"Zoltan Nagy"},"sameAs":["http:\/\/becsingatlan.com"],"url":"https:\/\/wienereigentumswohnungen.com\/pages\/author\/zoltan-nagy\/"}]}},"_links":{"self":[{"href":"https:\/\/wienereigentumswohnungen.com\/pages\/wp-json\/wp\/v2\/posts\/513","targetHints":{"allow":["GET"]}}],"collection":[{"href":"https:\/\/wienereigentumswohnungen.com\/pages\/wp-json\/wp\/v2\/posts"}],"about":[{"href":"https:\/\/wienereigentumswohnungen.com\/pages\/wp-json\/wp\/v2\/types\/post"}],"author":[{"embeddable":true,"href":"https:\/\/wienereigentumswohnungen.com\/pages\/wp-json\/wp\/v2\/users\/2"}],"replies":[{"embeddable":true,"href":"https:\/\/wienereigentumswohnungen.com\/pages\/wp-json\/wp\/v2\/comments?post=513"}],"version-history":[{"count":1,"href":"https:\/\/wienereigentumswohnungen.com\/pages\/wp-json\/wp\/v2\/posts\/513\/revisions"}],"predecessor-version":[{"id":515,"href":"https:\/\/wienereigentumswohnungen.com\/pages\/wp-json\/wp\/v2\/posts\/513\/revisions\/515"}],"wp:attachment":[{"href":"https:\/\/wienereigentumswohnungen.com\/pages\/wp-json\/wp\/v2\/media?parent=513"}],"wp:term":[{"taxonomy":"category","embeddable":true,"href":"https:\/\/wienereigentumswohnungen.com\/pages\/wp-json\/wp\/v2\/categories?post=513"},{"taxonomy":"post_tag","embeddable":true,"href":"https:\/\/wienereigentumswohnungen.com\/pages\/wp-json\/wp\/v2\/tags?post=513"}],"curies":[{"name":"wp","href":"https:\/\/api.w.org\/{rel}","templated":true}]}}