{"id":485,"date":"2021-02-16T16:28:30","date_gmt":"2021-02-16T15:28:30","guid":{"rendered":"https:\/\/becsingatlan.com\/pages\/?p=485"},"modified":"2021-02-16T16:28:41","modified_gmt":"2021-02-16T15:28:41","slug":"a-becsi-ingatlanarak-a-krizis-ellenere-tovabb-emelkedtek","status":"publish","type":"post","link":"https:\/\/wienereigentumswohnungen.com\/pages\/a-becsi-ingatlanarak-a-krizis-ellenere-tovabb-emelkedtek\/","title":{"rendered":"A b\u00e9csi ingatlan\u00e1rak a kr\u00edzis ellen\u00e9re tov\u00e1bb emelkedtek"},"content":{"rendered":"\n<p>A b\u00e9csi ingatlan a koronav\u00edrus-v\u00e1ls\u00e1g els\u0151 \u00e9v\u00e9ben is abszol\u00fat v\u00e1ls\u00e1g\u00e1ll\u00f3nak bizonyult. Az \u00faj- \u00e9s haszn\u00e1lt lak\u00e1sok \u00e1rai 2020 eg\u00e9sz\u00e9ben tov\u00e1bb emelkedtek, a dr\u00e1gul\u00e1s m\u00e9rt\u00e9ke csek\u00e9ly m\u00e9rt\u00e9kben maradt el a kor\u00e1bbi \u00e9vek \u00e1tlag\u00e1t\u00f3l. A b\u00e9rleti d\u00edjak szint\u00e9n magas szinten t\u00e1boroztak le. Az Otto Immobilien erre az \u00e9ve is er\u0151s kereslettel \u00e9s tov\u00e1bb menetel\u0151 \u00e1rakkal sz\u00e1mol.<\/p>\n\n\n\n<p>Tavaly az \u00faj \u00e9p\u00edt\u00e9s\u0171 lak\u00e1sok B\u00e9csben \u00e1tlagosan 4,6%-kal dr\u00e1gultak, a haszn\u00e1ltak \u00e1rai 4,5%-kal k\u00fasztak feljebb, ahogy ez az ingatlank\u00f6zvet\u00edt\u0151 k\u00f6zl\u00e9s\u00e9b\u0151l kider\u00fcl. Az el\u0151bbiek kateg\u00f3ri\u00e1j\u00e1ban a 10 \u00e9ves \u00e1tlag 5,2%, m\u00edg az ut\u00f3bbin\u00e1l 6,4%-ot jelez.<\/p>\n\n\n\n<p>Term\u00e9szetesen a trendek ker\u00fcletenk\u00e9nt elt\u00e9rnek. Az \u00faj \u00e9p\u00edt\u00e9s\u0171 blokkok a 4., 12., 20. \u00e9s a 23. ker\u00fcletben teljes\u00edtettek legjobban tavaly k\u00e9tsz\u00e1mjegy\u0171 n\u00f6veked\u00e9ssel. A tartom\u00e1ny sz\u00e9les, hiszen m\u00edg a 4. ker\u00fcleti Wien-Wieden \u00e1tlagosan 7.120 eur\u00f3s n\u00e9gyzetm\u00e9ter\u00e1rakat k\u00edn\u00e1l, addig a 23. ker\u00fcleti Liesing \u00e1rai 4.648 eur\u00f3s \u00e1tlagot tesznek ki.<\/p>\n\n\n\n<div class=\"wp-block-image\"><figure class=\"aligncenter size-large\"><img loading=\"lazy\" decoding=\"async\" width=\"1024\" height=\"683\" src=\"https:\/\/becsingatlan.com\/pages\/wp-content\/uploads\/2021\/02\/12.jpg\" alt=\"\" class=\"wp-image-486\" srcset=\"https:\/\/wienereigentumswohnungen.com\/pages\/wp-content\/uploads\/2021\/02\/12.jpg 1024w, https:\/\/wienereigentumswohnungen.com\/pages\/wp-content\/uploads\/2021\/02\/12-300x200.jpg 300w, https:\/\/wienereigentumswohnungen.com\/pages\/wp-content\/uploads\/2021\/02\/12-768x512.jpg 768w\" sizes=\"auto, (max-width: 1024px) 100vw, 1024px\" \/><\/figure><\/div>\n\n\n\n<p>A haszn\u00e1lt lak\u00e1s kateg\u00f3ria ezzel szemben az 5., 15. \u00e9s 22. ker\u00fcletekben volt fel\u00fclteljes\u00edt\u0151, szint\u00e9n dupla sz\u00e1mjegy\u0171 dr\u00e1gul\u00e1ssal. A 22. ker\u00fcleti Donaustadt \u00e1rai el\u0151sz\u00f6r l\u00e9pt\u00e9k \u00e1t az 5.000 eur\u00f3s hat\u00e1rt, m\u00edg a 15. ker\u00fcleti Rudolfsheim-F\u00fcnfhaus \u00e1rai 4.296 eur\u00f3t mutattak.<\/p>\n\n\n\n<p>A b\u00e9rleti d\u00edjak ezzel p\u00e1rhuzomosan emelkedtek. A szabad piaci b\u00e9rleti \u00e1rak teljes B\u00e9cset tekintve 13,01 eur\u00f3n\u00e1l \u00e1lltak \u00e9v v\u00e9g\u00e9n, 2019-hez k\u00e9pest 1,7%-os n\u00f6veked\u00e9ssel.<\/p>\n\n\n\n<div class=\"wp-block-image\"><figure class=\"aligncenter size-large\"><img loading=\"lazy\" decoding=\"async\" width=\"1024\" height=\"683\" src=\"https:\/\/becsingatlan.com\/pages\/wp-content\/uploads\/2021\/02\/1030-Fred-Zinnemann-Platz-4-3.jpg\" alt=\"\" class=\"wp-image-487\" srcset=\"https:\/\/wienereigentumswohnungen.com\/pages\/wp-content\/uploads\/2021\/02\/1030-Fred-Zinnemann-Platz-4-3.jpg 1024w, https:\/\/wienereigentumswohnungen.com\/pages\/wp-content\/uploads\/2021\/02\/1030-Fred-Zinnemann-Platz-4-3-300x200.jpg 300w, https:\/\/wienereigentumswohnungen.com\/pages\/wp-content\/uploads\/2021\/02\/1030-Fred-Zinnemann-Platz-4-3-768x512.jpg 768w\" sizes=\"auto, (max-width: 1024px) 100vw, 1024px\" \/><\/figure><\/div>\n\n\n\n<p>Az el\u0151rejelz\u00e9sek szerint a tendencia ir\u00e1nya id\u00e9n is \u00e9rv\u00e9nyes, a befektet\u00e9si c\u00e9l\u00fa, hossz\u00fa t\u00e1v\u00fa kiad\u00e1sra alapoz\u00f3 lak\u00e1sok ir\u00e1nti kereslet m\u00e9g jobban er\u0151s\u00f6dhet, ahogy az el\u0151z\u0151 h\u00f3napok is jelzik. Az \u00faj \u00e9p\u00edt\u00e9s\u0171 szegmensben a teljesen szabad finansz\u00edroz\u00e1s\u00fa projektek tov\u00e1bbi emelked\u00e9st vet\u00edtenek el\u0151re, id\u00e9n l\u00e9pi \u00e1t a h\u00e1nyaduk a 25%-ot a b\u00e9csi \u00e9p\u00edtkez\u00e9sekn\u00e9l.<\/p>\n\n\n\n<p>Forr\u00e1s:<\/p>\n\n\n\n<p><a href=\"https:\/\/kurier.at\/wirtschaft\/wohnungspreise-in-wien-trotzten-der-krise-und-stiegen-2020-weiter-an\/401181796\">https:\/\/kurier.at\/wirtschaft\/wohnungspreise-in-wien-trotzten-der-krise-und-stiegen-2020-weiter-an\/401181796<\/a><\/p>\n","protected":false},"excerpt":{"rendered":"<p>A b\u00e9csi ingatlan a koronav\u00edrus-v\u00e1ls\u00e1g els\u0151 \u00e9v\u00e9ben is abszol\u00fat v\u00e1ls\u00e1g\u00e1ll\u00f3nak bizonyult. Az \u00faj- \u00e9s haszn\u00e1lt lak\u00e1sok \u00e1rai 2020 eg\u00e9sz\u00e9ben tov\u00e1bb emelkedtek, a dr\u00e1gul\u00e1s m\u00e9rt\u00e9ke csek\u00e9ly m\u00e9rt\u00e9kben maradt el a kor\u00e1bbi \u00e9vek \u00e1tlag\u00e1t\u00f3l. A b\u00e9rleti d\u00edjak szint\u00e9n magas szinten t\u00e1boroztak le. Az Otto Immobilien erre az \u00e9ve is er\u0151s kereslettel \u00e9s tov\u00e1bb menetel\u0151 \u00e1rakkal sz\u00e1mol. Tavaly [&hellip;]<\/p>\n","protected":false},"author":2,"featured_media":0,"comment_status":"closed","ping_status":"closed","sticky":false,"template":"","format":"standard","meta":{"footnotes":""},"categories":[5],"tags":[],"class_list":["post-485","post","type-post","status-publish","format-standard","hentry","category-ingatlanpiaci_hirek"],"yoast_head":"<!-- This site is optimized with the Yoast SEO plugin v22.7 - https:\/\/yoast.com\/wordpress\/plugins\/seo\/ -->\n<title>A b\u00e9csi ingatlan\u00e1rak a kr\u00edzis ellen\u00e9re tov\u00e1bb emelkedtek - Wiener Eigentumswohnungen<\/title>\n<meta name=\"robots\" content=\"index, follow, max-snippet:-1, max-image-preview:large, max-video-preview:-1\" \/>\n<link rel=\"canonical\" href=\"https:\/\/wienereigentumswohnungen.com\/pages\/a-becsi-ingatlanarak-a-krizis-ellenere-tovabb-emelkedtek\/\" \/>\n<meta property=\"og:locale\" content=\"en_US\" \/>\n<meta property=\"og:type\" content=\"article\" \/>\n<meta property=\"og:title\" content=\"A b\u00e9csi ingatlan\u00e1rak a kr\u00edzis ellen\u00e9re tov\u00e1bb emelkedtek - Wiener Eigentumswohnungen\" \/>\n<meta property=\"og:description\" content=\"A b\u00e9csi ingatlan a koronav\u00edrus-v\u00e1ls\u00e1g els\u0151 \u00e9v\u00e9ben is abszol\u00fat v\u00e1ls\u00e1g\u00e1ll\u00f3nak bizonyult. Az \u00faj- \u00e9s haszn\u00e1lt lak\u00e1sok \u00e1rai 2020 eg\u00e9sz\u00e9ben tov\u00e1bb emelkedtek, a dr\u00e1gul\u00e1s m\u00e9rt\u00e9ke csek\u00e9ly m\u00e9rt\u00e9kben maradt el a kor\u00e1bbi \u00e9vek \u00e1tlag\u00e1t\u00f3l. A b\u00e9rleti d\u00edjak szint\u00e9n magas szinten t\u00e1boroztak le. Az Otto Immobilien erre az \u00e9ve is er\u0151s kereslettel \u00e9s tov\u00e1bb menetel\u0151 \u00e1rakkal sz\u00e1mol. Tavaly [&hellip;]\" \/>\n<meta property=\"og:url\" content=\"https:\/\/wienereigentumswohnungen.com\/pages\/a-becsi-ingatlanarak-a-krizis-ellenere-tovabb-emelkedtek\/\" \/>\n<meta property=\"og:site_name\" content=\"Wiener Eigentumswohnungen\" \/>\n<meta property=\"article:publisher\" content=\"https:\/\/www.facebook.com\/becsingatlanok\/\" \/>\n<meta property=\"article:published_time\" content=\"2021-02-16T15:28:30+00:00\" \/>\n<meta property=\"article:modified_time\" content=\"2021-02-16T15:28:41+00:00\" \/>\n<meta property=\"og:image\" content=\"https:\/\/becsingatlan.com\/pages\/wp-content\/uploads\/2021\/02\/12.jpg\" \/>\n<meta name=\"author\" content=\"Zoltan Nagy\" \/>\n<meta name=\"twitter:card\" content=\"summary_large_image\" \/>\n<meta name=\"twitter:label1\" content=\"Written by\" \/>\n\t<meta name=\"twitter:data1\" content=\"Zoltan Nagy\" \/>\n\t<meta name=\"twitter:label2\" content=\"Est. reading time\" \/>\n\t<meta name=\"twitter:data2\" content=\"2 minutes\" \/>\n<script type=\"application\/ld+json\" class=\"yoast-schema-graph\">{\"@context\":\"https:\/\/schema.org\",\"@graph\":[{\"@type\":\"WebPage\",\"@id\":\"https:\/\/wienereigentumswohnungen.com\/pages\/a-becsi-ingatlanarak-a-krizis-ellenere-tovabb-emelkedtek\/\",\"url\":\"https:\/\/wienereigentumswohnungen.com\/pages\/a-becsi-ingatlanarak-a-krizis-ellenere-tovabb-emelkedtek\/\",\"name\":\"A b\u00e9csi ingatlan\u00e1rak a kr\u00edzis ellen\u00e9re tov\u00e1bb emelkedtek - Wiener Eigentumswohnungen\",\"isPartOf\":{\"@id\":\"https:\/\/wienereigentumswohnungen.com\/pages\/#website\"},\"primaryImageOfPage\":{\"@id\":\"https:\/\/wienereigentumswohnungen.com\/pages\/a-becsi-ingatlanarak-a-krizis-ellenere-tovabb-emelkedtek\/#primaryimage\"},\"image\":{\"@id\":\"https:\/\/wienereigentumswohnungen.com\/pages\/a-becsi-ingatlanarak-a-krizis-ellenere-tovabb-emelkedtek\/#primaryimage\"},\"thumbnailUrl\":\"https:\/\/becsingatlan.com\/pages\/wp-content\/uploads\/2021\/02\/12.jpg\",\"datePublished\":\"2021-02-16T15:28:30+00:00\",\"dateModified\":\"2021-02-16T15:28:41+00:00\",\"author\":{\"@id\":\"https:\/\/wienereigentumswohnungen.com\/pages\/#\/schema\/person\/1731478b0ce667ef0f89dd249bad44d2\"},\"breadcrumb\":{\"@id\":\"https:\/\/wienereigentumswohnungen.com\/pages\/a-becsi-ingatlanarak-a-krizis-ellenere-tovabb-emelkedtek\/#breadcrumb\"},\"inLanguage\":\"en-US\",\"potentialAction\":[{\"@type\":\"ReadAction\",\"target\":[\"https:\/\/wienereigentumswohnungen.com\/pages\/a-becsi-ingatlanarak-a-krizis-ellenere-tovabb-emelkedtek\/\"]}]},{\"@type\":\"ImageObject\",\"inLanguage\":\"en-US\",\"@id\":\"https:\/\/wienereigentumswohnungen.com\/pages\/a-becsi-ingatlanarak-a-krizis-ellenere-tovabb-emelkedtek\/#primaryimage\",\"url\":\"https:\/\/becsingatlan.com\/pages\/wp-content\/uploads\/2021\/02\/12.jpg\",\"contentUrl\":\"https:\/\/becsingatlan.com\/pages\/wp-content\/uploads\/2021\/02\/12.jpg\"},{\"@type\":\"BreadcrumbList\",\"@id\":\"https:\/\/wienereigentumswohnungen.com\/pages\/a-becsi-ingatlanarak-a-krizis-ellenere-tovabb-emelkedtek\/#breadcrumb\",\"itemListElement\":[{\"@type\":\"ListItem\",\"position\":1,\"name\":\"Home\",\"item\":\"https:\/\/wienereigentumswohnungen.com\/pages\/\"},{\"@type\":\"ListItem\",\"position\":2,\"name\":\"A b\u00e9csi ingatlan\u00e1rak a kr\u00edzis ellen\u00e9re tov\u00e1bb emelkedtek\"}]},{\"@type\":\"WebSite\",\"@id\":\"https:\/\/wienereigentumswohnungen.com\/pages\/#website\",\"url\":\"https:\/\/wienereigentumswohnungen.com\/pages\/\",\"name\":\"Wiener Eigentumswohnungen\",\"description\":\"\",\"potentialAction\":[{\"@type\":\"SearchAction\",\"target\":{\"@type\":\"EntryPoint\",\"urlTemplate\":\"https:\/\/wienereigentumswohnungen.com\/pages\/?s={search_term_string}\"},\"query-input\":\"required name=search_term_string\"}],\"inLanguage\":\"en-US\"},{\"@type\":\"Person\",\"@id\":\"https:\/\/wienereigentumswohnungen.com\/pages\/#\/schema\/person\/1731478b0ce667ef0f89dd249bad44d2\",\"name\":\"Zoltan Nagy\",\"image\":{\"@type\":\"ImageObject\",\"inLanguage\":\"en-US\",\"@id\":\"https:\/\/wienereigentumswohnungen.com\/pages\/#\/schema\/person\/image\/\",\"url\":\"https:\/\/secure.gravatar.com\/avatar\/1600d03194e3298bd5da77a5123420a195925fb0e25be9a8ea962e15f6d0a4f2?s=96&d=mm&r=g\",\"contentUrl\":\"https:\/\/secure.gravatar.com\/avatar\/1600d03194e3298bd5da77a5123420a195925fb0e25be9a8ea962e15f6d0a4f2?s=96&d=mm&r=g\",\"caption\":\"Zoltan Nagy\"},\"sameAs\":[\"http:\/\/becsingatlan.com\"],\"url\":\"https:\/\/wienereigentumswohnungen.com\/pages\/author\/zoltan-nagy\/\"}]}<\/script>\n<!-- \/ Yoast SEO plugin. -->","yoast_head_json":{"title":"A b\u00e9csi ingatlan\u00e1rak a kr\u00edzis ellen\u00e9re tov\u00e1bb emelkedtek - Wiener Eigentumswohnungen","robots":{"index":"index","follow":"follow","max-snippet":"max-snippet:-1","max-image-preview":"max-image-preview:large","max-video-preview":"max-video-preview:-1"},"canonical":"https:\/\/wienereigentumswohnungen.com\/pages\/a-becsi-ingatlanarak-a-krizis-ellenere-tovabb-emelkedtek\/","og_locale":"en_US","og_type":"article","og_title":"A b\u00e9csi ingatlan\u00e1rak a kr\u00edzis ellen\u00e9re tov\u00e1bb emelkedtek - Wiener Eigentumswohnungen","og_description":"A b\u00e9csi ingatlan a koronav\u00edrus-v\u00e1ls\u00e1g els\u0151 \u00e9v\u00e9ben is abszol\u00fat v\u00e1ls\u00e1g\u00e1ll\u00f3nak bizonyult. Az \u00faj- \u00e9s haszn\u00e1lt lak\u00e1sok \u00e1rai 2020 eg\u00e9sz\u00e9ben tov\u00e1bb emelkedtek, a dr\u00e1gul\u00e1s m\u00e9rt\u00e9ke csek\u00e9ly m\u00e9rt\u00e9kben maradt el a kor\u00e1bbi \u00e9vek \u00e1tlag\u00e1t\u00f3l. A b\u00e9rleti d\u00edjak szint\u00e9n magas szinten t\u00e1boroztak le. Az Otto Immobilien erre az \u00e9ve is er\u0151s kereslettel \u00e9s tov\u00e1bb menetel\u0151 \u00e1rakkal sz\u00e1mol. Tavaly [&hellip;]","og_url":"https:\/\/wienereigentumswohnungen.com\/pages\/a-becsi-ingatlanarak-a-krizis-ellenere-tovabb-emelkedtek\/","og_site_name":"Wiener Eigentumswohnungen","article_publisher":"https:\/\/www.facebook.com\/becsingatlanok\/","article_published_time":"2021-02-16T15:28:30+00:00","article_modified_time":"2021-02-16T15:28:41+00:00","og_image":[{"url":"https:\/\/becsingatlan.com\/pages\/wp-content\/uploads\/2021\/02\/12.jpg"}],"author":"Zoltan Nagy","twitter_card":"summary_large_image","twitter_misc":{"Written by":"Zoltan Nagy","Est. reading time":"2 minutes"},"schema":{"@context":"https:\/\/schema.org","@graph":[{"@type":"WebPage","@id":"https:\/\/wienereigentumswohnungen.com\/pages\/a-becsi-ingatlanarak-a-krizis-ellenere-tovabb-emelkedtek\/","url":"https:\/\/wienereigentumswohnungen.com\/pages\/a-becsi-ingatlanarak-a-krizis-ellenere-tovabb-emelkedtek\/","name":"A b\u00e9csi ingatlan\u00e1rak a kr\u00edzis ellen\u00e9re tov\u00e1bb emelkedtek - Wiener Eigentumswohnungen","isPartOf":{"@id":"https:\/\/wienereigentumswohnungen.com\/pages\/#website"},"primaryImageOfPage":{"@id":"https:\/\/wienereigentumswohnungen.com\/pages\/a-becsi-ingatlanarak-a-krizis-ellenere-tovabb-emelkedtek\/#primaryimage"},"image":{"@id":"https:\/\/wienereigentumswohnungen.com\/pages\/a-becsi-ingatlanarak-a-krizis-ellenere-tovabb-emelkedtek\/#primaryimage"},"thumbnailUrl":"https:\/\/becsingatlan.com\/pages\/wp-content\/uploads\/2021\/02\/12.jpg","datePublished":"2021-02-16T15:28:30+00:00","dateModified":"2021-02-16T15:28:41+00:00","author":{"@id":"https:\/\/wienereigentumswohnungen.com\/pages\/#\/schema\/person\/1731478b0ce667ef0f89dd249bad44d2"},"breadcrumb":{"@id":"https:\/\/wienereigentumswohnungen.com\/pages\/a-becsi-ingatlanarak-a-krizis-ellenere-tovabb-emelkedtek\/#breadcrumb"},"inLanguage":"en-US","potentialAction":[{"@type":"ReadAction","target":["https:\/\/wienereigentumswohnungen.com\/pages\/a-becsi-ingatlanarak-a-krizis-ellenere-tovabb-emelkedtek\/"]}]},{"@type":"ImageObject","inLanguage":"en-US","@id":"https:\/\/wienereigentumswohnungen.com\/pages\/a-becsi-ingatlanarak-a-krizis-ellenere-tovabb-emelkedtek\/#primaryimage","url":"https:\/\/becsingatlan.com\/pages\/wp-content\/uploads\/2021\/02\/12.jpg","contentUrl":"https:\/\/becsingatlan.com\/pages\/wp-content\/uploads\/2021\/02\/12.jpg"},{"@type":"BreadcrumbList","@id":"https:\/\/wienereigentumswohnungen.com\/pages\/a-becsi-ingatlanarak-a-krizis-ellenere-tovabb-emelkedtek\/#breadcrumb","itemListElement":[{"@type":"ListItem","position":1,"name":"Home","item":"https:\/\/wienereigentumswohnungen.com\/pages\/"},{"@type":"ListItem","position":2,"name":"A b\u00e9csi ingatlan\u00e1rak a kr\u00edzis ellen\u00e9re tov\u00e1bb emelkedtek"}]},{"@type":"WebSite","@id":"https:\/\/wienereigentumswohnungen.com\/pages\/#website","url":"https:\/\/wienereigentumswohnungen.com\/pages\/","name":"Wiener Eigentumswohnungen","description":"","potentialAction":[{"@type":"SearchAction","target":{"@type":"EntryPoint","urlTemplate":"https:\/\/wienereigentumswohnungen.com\/pages\/?s={search_term_string}"},"query-input":"required name=search_term_string"}],"inLanguage":"en-US"},{"@type":"Person","@id":"https:\/\/wienereigentumswohnungen.com\/pages\/#\/schema\/person\/1731478b0ce667ef0f89dd249bad44d2","name":"Zoltan Nagy","image":{"@type":"ImageObject","inLanguage":"en-US","@id":"https:\/\/wienereigentumswohnungen.com\/pages\/#\/schema\/person\/image\/","url":"https:\/\/secure.gravatar.com\/avatar\/1600d03194e3298bd5da77a5123420a195925fb0e25be9a8ea962e15f6d0a4f2?s=96&d=mm&r=g","contentUrl":"https:\/\/secure.gravatar.com\/avatar\/1600d03194e3298bd5da77a5123420a195925fb0e25be9a8ea962e15f6d0a4f2?s=96&d=mm&r=g","caption":"Zoltan Nagy"},"sameAs":["http:\/\/becsingatlan.com"],"url":"https:\/\/wienereigentumswohnungen.com\/pages\/author\/zoltan-nagy\/"}]}},"_links":{"self":[{"href":"https:\/\/wienereigentumswohnungen.com\/pages\/wp-json\/wp\/v2\/posts\/485","targetHints":{"allow":["GET"]}}],"collection":[{"href":"https:\/\/wienereigentumswohnungen.com\/pages\/wp-json\/wp\/v2\/posts"}],"about":[{"href":"https:\/\/wienereigentumswohnungen.com\/pages\/wp-json\/wp\/v2\/types\/post"}],"author":[{"embeddable":true,"href":"https:\/\/wienereigentumswohnungen.com\/pages\/wp-json\/wp\/v2\/users\/2"}],"replies":[{"embeddable":true,"href":"https:\/\/wienereigentumswohnungen.com\/pages\/wp-json\/wp\/v2\/comments?post=485"}],"version-history":[{"count":2,"href":"https:\/\/wienereigentumswohnungen.com\/pages\/wp-json\/wp\/v2\/posts\/485\/revisions"}],"predecessor-version":[{"id":489,"href":"https:\/\/wienereigentumswohnungen.com\/pages\/wp-json\/wp\/v2\/posts\/485\/revisions\/489"}],"wp:attachment":[{"href":"https:\/\/wienereigentumswohnungen.com\/pages\/wp-json\/wp\/v2\/media?parent=485"}],"wp:term":[{"taxonomy":"category","embeddable":true,"href":"https:\/\/wienereigentumswohnungen.com\/pages\/wp-json\/wp\/v2\/categories?post=485"},{"taxonomy":"post_tag","embeddable":true,"href":"https:\/\/wienereigentumswohnungen.com\/pages\/wp-json\/wp\/v2\/tags?post=485"}],"curies":[{"name":"wp","href":"https:\/\/api.w.org\/{rel}","templated":true}]}}