{"id":467,"date":"2021-02-09T15:51:43","date_gmt":"2021-02-09T14:51:43","guid":{"rendered":"https:\/\/becsingatlan.com\/pages\/?p=467"},"modified":"2021-02-16T16:23:03","modified_gmt":"2021-02-16T15:23:03","slug":"epul-a-vilag-leghiresebb-metrovonala-becsben-az-5-os-korkep-a-vilag-nagyvarosaiban-1-resz","status":"publish","type":"post","link":"https:\/\/wienereigentumswohnungen.com\/pages\/epul-a-vilag-leghiresebb-metrovonala-becsben-az-5-os-korkep-a-vilag-nagyvarosaiban-1-resz\/","title":{"rendered":"\u00c9p\u00fcl a vil\u00e1g legh\u00edresebb metr\u00f3vonala B\u00e9csben: az 5-\u00f6s &#8211; k\u00f6rk\u00e9p a vil\u00e1g nagyv\u00e1rosaiban"},"content":{"rendered":"\n<p>Janu\u00e1rban kezd\u0151dtek el B\u00e9csben az \u00faj 5-\u00f6s metr\u00f3 munk\u00e1latai. Ennek aprop\u00f3j\u00e1n a Der Standard munkat\u00e1rsai k\u00f6rbej\u00e1rt\u00e1k egy kicsit, hogy n\u00e9znek ki a vil\u00e1g nagyv\u00e1rosaiban a modern 5-\u00f6s sz\u00e1m\u00fa vonalak. Berlinben p\u00e9ld\u00e1ul 11 \u00e9vig dolgoztak az ipari m\u00e9ret\u0171 f\u00far\u00f3k a t\u00f6rt\u00e9nelmi v\u00e1rosr\u00e9sz alatt. V\u00e9g\u00fcl tavaly decemberben siker\u00fclt a Kelet-\u00e9s Nyugat-Berlin k\u00f6z\u00f6tti \u201er\u00e9st\u201d bet\u00f6lteni. Az \u00faj szakasz, amely a h\u00edres Alexanderplatz \u00e9s a Brandenburgi Kapu k\u00f6z\u00f6tt h\u00faz\u00f3dik, nem csak az eddigi legnagyobb belv\u00e1rosi k\u00f6zleked\u00e9si projekt, hanem egy\u00fattal egy csod\u00e1latos utaz\u00e1s is a k\u00fcl\u00f6nb\u00f6z\u0151 \u00e9p\u00edt\u00e9szeti kifejez\u00e9sm\u00f3dok f\u00f6ldalatti megold\u00e1sain kereszt\u00fcl.<\/p>\n\n\n\n<p>A berlini V\u00e1rosh\u00e1za alatti \u00e1llom\u00e1s egy k\u00f6zleked\u00e9si katedr\u00e1lisnak t\u0171nik kora-modern st\u00edlusban megalkotva. Az \u00e9p\u00edt\u00e9szek s\u00f6t\u00e9t kagyl\u00f3sz\u00ednt \u00e1ll\u00edtottak kontrasztba vil\u00e1gos f\u00e9nnyal\u00e1bokkal. Mindezt olyan betonfalakkal k\u00f6rbe\u00f6lelve, amelyek modern \u201ekarossz\u00e9ri\u00e1ra\u201d eml\u00e9keztetnek.<\/p>\n\n\n\n<div class=\"wp-block-image\"><figure class=\"aligncenter size-large\"><img loading=\"lazy\" decoding=\"async\" width=\"605\" height=\"605\" src=\"https:\/\/becsingatlan.com\/pages\/wp-content\/uploads\/2021\/02\/Bild2.png\" alt=\"\" class=\"wp-image-469\" srcset=\"https:\/\/wienereigentumswohnungen.com\/pages\/wp-content\/uploads\/2021\/02\/Bild2.png 605w, https:\/\/wienereigentumswohnungen.com\/pages\/wp-content\/uploads\/2021\/02\/Bild2-300x300.png 300w, https:\/\/wienereigentumswohnungen.com\/pages\/wp-content\/uploads\/2021\/02\/Bild2-150x150.png 150w\" sizes=\"auto, (max-width: 605px) 100vw, 605px\" \/><figcaption>6 ezer f\u00e9nypont a mennyezeten: a berlini 5-\u00f6s metr\u00f3 muzeumszigeti meg\u00e1ll\u00f3ja<br>Fot\u00f3: \u00a9 Max Dudler<\/figcaption><\/figure><\/div>\n\n\n\n<p>Max Dudler sv\u00e1jci \u00e9p\u00edt\u00e9sz \u00e1ltal tervezett Museumsinsel (M\u00fazeumsziget) metr\u00f3\u00e1llom\u00e1son \u201edr\u00e1mai\u201d a helyzet: a mennyezeten mintegy 6 ezer apr\u00f3 f\u00e9nypont pomp\u00e1zik t\u00e1voli csillagk\u00e9nt a k\u00e9kl\u0151 messzes\u00e9gb\u0151l. Ez mintegy megid\u00e9z\u00e9se annak a h\u00edres klasszikus sz\u00ednpadk\u00e9pnek, ami 1818 janu\u00e1r 18-\u00e1n Mozart Var\u00e1zsfuvol\u00e1j\u00e1nak premierj\u00e9n a berlini oper\u00e1ban a k\u00f6z\u00f6ns\u00e9g el\u00e9 t\u00e1rulhatott.<\/p>\n\n\n\n<p>B\u00e9cs ebb\u0151l a szempontb\u00f3l egy m\u00e1sik, kev\u00e9sb\u00e9 \u00e9p\u00edt\u0151m\u0171v\u00e9szeti utat j\u00e1r be, ahol az 5-\u00f6s metr\u00f3 nyomvonal\u00e1nak els\u0151 \u201ekapav\u00e1g\u00e1sa\u201d a napokban t\u00f6rt\u00e9nt. Az 1970 \u00e9s 73 k\u00f6z\u00f6tt \u00e9p\u00fclt st\u00edlusjegyek, persze csak mint ir\u00e1nymutat\u00e1sok, most sem vesznek majd el. A kor\u00e1bbi, sz\u00fcrke panelekb\u0151l \u00e1ll\u00f3, feh\u00e9r peremeket vegy\u00edt\u0151, de egys\u00e9ges b\u00e1zisra \u00e9p\u00edt\u0151 koncepci\u00f3 r\u00e9szben megmarad. A 2015-ben ki\u00edrt p\u00e1ly\u00e1zat \u00e9p\u00edt\u00e9sz-nyertesei ezt a fel\u00e1ll\u00e1st moderniz\u00e1lj\u00e1k t\u00f6bb-sark\u00fa, t\u00f6bb-\u00e9l\u0171 kompoz\u00edci\u00f3val, ahol az egykori monoton \u00fctemez\u00e9s\u0171 burkolatot egy izgalmasabb, kisebb-nagyobb t\u00e1vols\u00e1gokkal oper\u00e1l\u00f3 szerkezet v\u00e1ltja majd. Ahogy az \u00e9p\u00edt\u00e9szek fogalmaznak: \u201eDinamik\u00e1t vitt\u00fcnk bele. Ez \u00e1ltal a kialak\u00edt\u00e1s frissebbnek \u00e9s id\u0151szer\u0171bbnek hat. A sebess\u00e9get szerett\u00fck volna valamik\u00e9pp megragadni: ahol be- \u00e9s kisz\u00e1llnak az utasok, a form\u00e1k s\u0171r\u0171bbek. A gyorsul\u00e1st hivatottak \u00e1br\u00e1zolni. Ahol kisebb a t\u00f6meg, ott az \u00e9gsz\u00ednk\u00e9k vonalak hosszabbak, egyfajta lef\u00e9kez\u00e9st vizualiz\u00e1lva.\u201d<\/p>\n\n\n\n<div class=\"wp-block-image\"><figure class=\"aligncenter size-large\"><img loading=\"lazy\" decoding=\"async\" width=\"945\" height=\"532\" src=\"https:\/\/becsingatlan.com\/pages\/wp-content\/uploads\/2021\/02\/Bild3.png\" alt=\"\" class=\"wp-image-470\" srcset=\"https:\/\/wienereigentumswohnungen.com\/pages\/wp-content\/uploads\/2021\/02\/Bild3.png 945w, https:\/\/wienereigentumswohnungen.com\/pages\/wp-content\/uploads\/2021\/02\/Bild3-300x169.png 300w, https:\/\/wienereigentumswohnungen.com\/pages\/wp-content\/uploads\/2021\/02\/Bild3-768x432.png 768w\" sizes=\"auto, (max-width: 945px) 100vw, 945px\" \/><figcaption>A sebess\u00e9g \u00e1br\u00e1zol\u00e1sa a b\u00e9csi metr\u00f3tervekben: az \u00e9p\u00edt\u00e9szek a 70-es \u00e9vek koncepc\u00f3j\u00e1t h\u00edvt\u00e1k \u00e9letre, de mindezt sz\u00f6gletesebben \u00e9s dinamikusabban<br>Fot\u00f3: \u00a9 YF + Franz &amp; Sue Architekten<\/figcaption><\/figure><\/div>\n\n\n\n<p>A b\u00e9csi metr\u00f3rendszer legfontosabb k\u00f6vetelm\u00e9nyei: az \u00e1llom\u00e1sok k\u00f6nnyen megk\u00f6zel\u00edthet\u0151ek kell, hogy legyenek, egyszer\u0171 karbantart\u00e1st ig\u00e9nyeljenek, valamint megsemmis\u00edthetetlennek kell lenni\u00fck. \u201eTart\u00f3ss\u00e1g \u00e9s karbantarthat\u00f3s\u00e1g v\u00e9gig a koncepci\u00f3 r\u00e9sze volt\u201d \u2013 mes\u00e1li az egyik \u00e9p\u00edt\u00e9sz. De a t\u00f6megk\u00f6zleked\u00e9si v\u00e1llalat (Wiener Linien) szakmai munkat\u00e1rsai enn\u00e9l is szigor\u00fabbak: \u201e\u00dagy kellett az egyes elemeket meger\u0151s\u00edteni, hogy mindennem\u0171 vandalizmusnak ellen\u00e1lljanak, padokat \u00e9s szemeteseket, hogy ne legyenek elmozd\u00edthat\u00f3k. Polg\u00e1rok, utasok milli\u00f3inak \u00e9p\u00edteni egy \u00f6r\u00f6k tanul\u00e1s a gyakorlaton kereszt\u00fcl. \u201e<\/p>\n\n\n\n<div class=\"wp-block-image\"><figure class=\"aligncenter size-large\"><img loading=\"lazy\" decoding=\"async\" width=\"605\" height=\"403\" src=\"https:\/\/becsingatlan.com\/pages\/wp-content\/uploads\/2021\/02\/Bild4.png\" alt=\"\" class=\"wp-image-471\" srcset=\"https:\/\/wienereigentumswohnungen.com\/pages\/wp-content\/uploads\/2021\/02\/Bild4.png 605w, https:\/\/wienereigentumswohnungen.com\/pages\/wp-content\/uploads\/2021\/02\/Bild4-300x200.png 300w\" sizes=\"auto, (max-width: 605px) 100vw, 605px\" \/><figcaption>Tervezett meg\u00e1ll\u00f3 a 9. ker\u00fcleti Frankhplatzon<br>Fot\u00f3: \u00a9 YF + Franz &amp; Sue Architekten<\/figcaption><\/figure><\/div>\n\n\n\n<p>Hogy n\u00e9z ki az 5-\u00f6s metr\u00f3 m\u00e1s metropoliszokban? A moszkvai vonal egy eg\u00e9szen k\u00fcl\u00f6nleges szerepet t\u00f6lt be a nemzetk\u00f6zi univerzumban. A Kolcevaja-vonal mintegy 20 km-es teljes \u00edvet j\u00e1r be a belv\u00e1ros k\u00f6r\u00fcl. Az \u00e1llom\u00e1sok, amelyeket egy\u00e9bk\u00e9nt Szt\u00e1lin alatt \u00e9p\u00edtettek, \u00e9p\u00edt\u00e9szetileg igazi kincseket rejtenek. Az 50-es \u00e9vek \u201eN\u00e9p palot\u00e1j\u00e1nak\u201d elnevezett konstrukci\u00f3i a m\u00e1rv\u00e1nyoszlopaival, \u00fcvegfestm\u00e9nyeivel \u00e9s pomp\u00e1s f\u00e9nyvizsonyaival a vil\u00e1g legszebbjei k\u00f6z\u00e9 tartoznak.<\/p>\n\n\n\n<div class=\"wp-block-image\"><figure class=\"aligncenter size-large is-resized\"><img loading=\"lazy\" decoding=\"async\" src=\"https:\/\/becsingatlan.com\/pages\/wp-content\/uploads\/2021\/02\/stephen-lammens-gKPza_K3gYQ-unsplash-1024x768-1.jpg\" alt=\"\" class=\"wp-image-480\" width=\"580\" height=\"435\" srcset=\"https:\/\/wienereigentumswohnungen.com\/pages\/wp-content\/uploads\/2021\/02\/stephen-lammens-gKPza_K3gYQ-unsplash-1024x768-1.jpg 1024w, https:\/\/wienereigentumswohnungen.com\/pages\/wp-content\/uploads\/2021\/02\/stephen-lammens-gKPza_K3gYQ-unsplash-1024x768-1-300x225.jpg 300w, https:\/\/wienereigentumswohnungen.com\/pages\/wp-content\/uploads\/2021\/02\/stephen-lammens-gKPza_K3gYQ-unsplash-1024x768-1-768x576.jpg 768w\" sizes=\"auto, (max-width: 580px) 100vw, 580px\" \/><figcaption>A moszkvai metr\u00f3 egyik \u00e1llom\u00e1sa<br><em>Fot\u00f3: Stephen Lammens<\/em><\/figcaption><\/figure><\/div>\n\n\n\n<p>K\u00edn\u00e1ban t\u00f6bb, mint 40 olyan v\u00e1ros van, ahol metr\u00f3vonal is tal\u00e1lhat\u00f3. Peking 5-\u00f6s vonala a vil\u00e1g legnagyobb ilyen t\u00edpus\u00fa k\u00f6zleked\u00e9si h\u00e1l\u00f3zata. Elhalad a Tiltott V\u00e1ros mellett, \u00e9rinti a Tienanmen teret \u00e9s kereszt\u00fclszeli a belv\u00e1rost \u00e9szakr\u00f3l d\u00e9li ir\u00e1nyba.<br>T\u00f3ki\u00f3ban az 1964-es Olimpiai J\u00e1t\u00e9kokra megnyitott metr\u00f3p\u00e1lya keletr\u0151l nyugatra halad \u00e9s nagyon r\u00e9g\u00f3ta kapacit\u00e1sai hat\u00e1raihoz \u00e9rt el, Jap\u00e1n legzs\u00fafoltabb vonala.<br>New York-ban szint\u00e9n \u00f3ri\u00e1sterhel\u00e9s alatt \u00e1ll az 5-\u00f6s, hab\u00e1r a Lexington Avenue vonal\u00e1n k\u00e9t m\u00e1sik vonal is becsatlakozik. Csak \u00edgy h\u00e1rman napi 1 milli\u00f3 utast sz\u00e1ll\u00edtanak, t\u00f6bbet, mint Chicago vagy San Francisco teljes metr\u00f3h\u00e1l\u00f3zata egy\u00fcttv\u00e9ve. New Yorkban a metr\u00f3 \u00e9p\u00edteszeti kialak\u00edt\u00e1sa kev\u00e9sb\u00e9 fontos szerepet j\u00e1tszik, mint p\u00e9ld\u00e1ul Montrealban, ahol k\u00e9pz\u0151m\u0171v\u00e9szeti alkot\u00e1sok sz\u00e1zait lehet megcsod\u00e1lni a napi utaz\u00e1s sor\u00e1n.<\/p>\n\n\n\n<div class=\"wp-block-image\"><figure class=\"aligncenter size-large\"><img loading=\"lazy\" decoding=\"async\" width=\"819\" height=\"1024\" src=\"https:\/\/becsingatlan.com\/pages\/wp-content\/uploads\/2021\/02\/jamshed-khedri-_tmDUmOV0eg-unsplash-819x1024_edited.jpg\" alt=\"\" class=\"wp-image-481\" srcset=\"https:\/\/wienereigentumswohnungen.com\/pages\/wp-content\/uploads\/2021\/02\/jamshed-khedri-_tmDUmOV0eg-unsplash-819x1024_edited.jpg 819w, https:\/\/wienereigentumswohnungen.com\/pages\/wp-content\/uploads\/2021\/02\/jamshed-khedri-_tmDUmOV0eg-unsplash-819x1024_edited-240x300.jpg 240w, https:\/\/wienereigentumswohnungen.com\/pages\/wp-content\/uploads\/2021\/02\/jamshed-khedri-_tmDUmOV0eg-unsplash-819x1024_edited-768x960.jpg 768w\" sizes=\"auto, (max-width: 819px) 100vw, 819px\" \/><figcaption>A montreali metr\u00f3 bej\u00e1rata<br><em>Fot\u00f3: Jamshed Khedri<\/em><\/figcaption><\/figure><\/div>\n\n\n\n<p>Na \u00e9s P\u00e1rizs? Ahol a metr\u00f3t az el\u0151z\u0151 100 \u00e9vben a film, TV \u00e9s irodalom egy\u00e1ltal\u00e1n meg\u00f6r\u00f6k\u00edtette. Minden meg\u00e1ll\u00f3hoz k\u00fcl\u00f6n t\u00f6rt\u00e9net tartozik, nem besz\u00e9lve a legend\u00e1s szellem\u00e1llom\u00e1sokr\u00f3l, amelyek r\u00e9g\u00f3ta le vannak z\u00e1rva a nyilv\u00e1noss\u00e1g el\u0151l.<br>A misztikus m\u00e1z a m\u00fccheni metr\u00f3t sem ker\u00fcli el. Itt p\u00e9ld\u00e1ul a narancssz\u00edn\u0171 Marienplatz \u00e1llom\u00e1s a laz\u00e1n szerkesztett oszlopaival pszichodelikus ekszt\u00e1zist teremt. M\u00e1sr\u00e9szr\u0151l a Nyugati Temet\u0151 (Westfriedhof) \u00e1llom\u00e1s a vil\u00e1g egyik legszebb alkot\u00e1sa a nagy, kerek f\u00e9nyforr\u00e1saival m\u00e9lyk\u00e9k h\u00e1tt\u00e9rrel. Ezekhez az 5-\u00f6s metr\u00f3 a 80-as \u00e9vekben csatlakozott.<\/p>\n\n\n\n<p>A b\u00e9csi 5-\u00f6s vonalat a tervek szerint 2025-ben nyitj\u00e1k majd meg. Az U2 \u00e9s U5 teljes beruh\u00e1z\u00e1si k\u00f6lts\u00e9ge 2.1 milli\u00e1rd eur\u00f3. Ahogy a t\u00f6rt\u00e9nelemben mindig, B\u00e9cs vezet\u00e9se most is az arany k\u00f6z\u00e9p\u00fat mellett tette le a voks\u00e1t: hab\u00e1r az \u00e9letre h\u00edvott 5-\u00f6s metr\u00f3n\u00e1l \u00e9p\u00edt\u00e9szeti versenyt \u00edrtak ki, de elt\u00e9r\u0151en Moszkv\u00e1t\u00f3l, M\u00fcnchent\u0151l \u00e9s Berlint\u0151l, ez nem felt\u00e9tlen \u00f6n\u00e1ll\u00f3 m\u0171v\u00e9szeti alkot\u00e1st kell hogy k\u00e9pviseljen, hanem egy \u00e1tfog\u00f3 infrastrukt\u00far\u00e1ba hivatott illeszkedni.<\/p>\n\n\n\n<p>Forr\u00e1s: DerStandard<\/p>\n\n\n\n<p><a href=\"https:\/\/www.derstandard.at\/story\/2000123131956\/die-beruehmtesten-u-bahn-linien-der-welt-nummer-5-lebt\">https:\/\/www.derstandard.at\/story\/2000123131956\/die-beruehmtesten-u-bahn-linien-der-welt-nummer-5-lebt<\/a><\/p>\n","protected":false},"excerpt":{"rendered":"<p>Janu\u00e1rban kezd\u0151dtek el B\u00e9csben az \u00faj 5-\u00f6s metr\u00f3 munk\u00e1latai. Ennek aprop\u00f3j\u00e1n a Der Standard munkat\u00e1rsai k\u00f6rbej\u00e1rt\u00e1k egy kicsit, hogy n\u00e9znek ki a vil\u00e1g nagyv\u00e1rosaiban a modern 5-\u00f6s sz\u00e1m\u00fa vonalak. Berlinben p\u00e9ld\u00e1ul 11 \u00e9vig dolgoztak az ipari m\u00e9ret\u0171 f\u00far\u00f3k a t\u00f6rt\u00e9nelmi v\u00e1rosr\u00e9sz alatt. V\u00e9g\u00fcl tavaly decemberben siker\u00fclt a Kelet-\u00e9s Nyugat-Berlin k\u00f6z\u00f6tti \u201er\u00e9st\u201d bet\u00f6lteni. Az \u00faj szakasz, [&hellip;]<\/p>\n","protected":false},"author":2,"featured_media":0,"comment_status":"closed","ping_status":"closed","sticky":false,"template":"","format":"standard","meta":{"footnotes":""},"categories":[5],"tags":[],"class_list":["post-467","post","type-post","status-publish","format-standard","hentry","category-ingatlanpiaci_hirek"],"yoast_head":"<!-- This site is optimized with the Yoast SEO plugin v22.7 - https:\/\/yoast.com\/wordpress\/plugins\/seo\/ -->\n<title>\u00c9p\u00fcl a vil\u00e1g legh\u00edresebb metr\u00f3vonala B\u00e9csben: az 5-\u00f6s - k\u00f6rk\u00e9p a vil\u00e1g nagyv\u00e1rosaiban - Wiener Eigentumswohnungen<\/title>\n<meta name=\"robots\" content=\"index, follow, max-snippet:-1, max-image-preview:large, max-video-preview:-1\" \/>\n<link rel=\"canonical\" href=\"https:\/\/wienereigentumswohnungen.com\/pages\/epul-a-vilag-leghiresebb-metrovonala-becsben-az-5-os-korkep-a-vilag-nagyvarosaiban-1-resz\/\" \/>\n<meta property=\"og:locale\" content=\"en_US\" \/>\n<meta property=\"og:type\" content=\"article\" \/>\n<meta property=\"og:title\" content=\"\u00c9p\u00fcl a vil\u00e1g legh\u00edresebb metr\u00f3vonala B\u00e9csben: az 5-\u00f6s - k\u00f6rk\u00e9p a vil\u00e1g nagyv\u00e1rosaiban - Wiener Eigentumswohnungen\" \/>\n<meta property=\"og:description\" content=\"Janu\u00e1rban kezd\u0151dtek el B\u00e9csben az \u00faj 5-\u00f6s metr\u00f3 munk\u00e1latai. Ennek aprop\u00f3j\u00e1n a Der Standard munkat\u00e1rsai k\u00f6rbej\u00e1rt\u00e1k egy kicsit, hogy n\u00e9znek ki a vil\u00e1g nagyv\u00e1rosaiban a modern 5-\u00f6s sz\u00e1m\u00fa vonalak. Berlinben p\u00e9ld\u00e1ul 11 \u00e9vig dolgoztak az ipari m\u00e9ret\u0171 f\u00far\u00f3k a t\u00f6rt\u00e9nelmi v\u00e1rosr\u00e9sz alatt. V\u00e9g\u00fcl tavaly decemberben siker\u00fclt a Kelet-\u00e9s Nyugat-Berlin k\u00f6z\u00f6tti \u201er\u00e9st\u201d bet\u00f6lteni. Az \u00faj szakasz, [&hellip;]\" \/>\n<meta property=\"og:url\" content=\"https:\/\/wienereigentumswohnungen.com\/pages\/epul-a-vilag-leghiresebb-metrovonala-becsben-az-5-os-korkep-a-vilag-nagyvarosaiban-1-resz\/\" \/>\n<meta property=\"og:site_name\" content=\"Wiener Eigentumswohnungen\" \/>\n<meta property=\"article:publisher\" content=\"https:\/\/www.facebook.com\/becsingatlanok\/\" \/>\n<meta property=\"article:published_time\" content=\"2021-02-09T14:51:43+00:00\" \/>\n<meta property=\"article:modified_time\" content=\"2021-02-16T15:23:03+00:00\" \/>\n<meta property=\"og:image\" content=\"https:\/\/becsingatlan.com\/pages\/wp-content\/uploads\/2021\/02\/Bild2.png\" \/>\n<meta name=\"author\" content=\"Zoltan Nagy\" \/>\n<meta name=\"twitter:card\" content=\"summary_large_image\" \/>\n<meta name=\"twitter:label1\" content=\"Written by\" \/>\n\t<meta name=\"twitter:data1\" content=\"Zoltan Nagy\" \/>\n\t<meta name=\"twitter:label2\" content=\"Est. reading time\" \/>\n\t<meta name=\"twitter:data2\" content=\"5 minutes\" \/>\n<script type=\"application\/ld+json\" class=\"yoast-schema-graph\">{\"@context\":\"https:\/\/schema.org\",\"@graph\":[{\"@type\":\"WebPage\",\"@id\":\"https:\/\/wienereigentumswohnungen.com\/pages\/epul-a-vilag-leghiresebb-metrovonala-becsben-az-5-os-korkep-a-vilag-nagyvarosaiban-1-resz\/\",\"url\":\"https:\/\/wienereigentumswohnungen.com\/pages\/epul-a-vilag-leghiresebb-metrovonala-becsben-az-5-os-korkep-a-vilag-nagyvarosaiban-1-resz\/\",\"name\":\"\u00c9p\u00fcl a vil\u00e1g legh\u00edresebb metr\u00f3vonala B\u00e9csben: az 5-\u00f6s - k\u00f6rk\u00e9p a vil\u00e1g nagyv\u00e1rosaiban - Wiener Eigentumswohnungen\",\"isPartOf\":{\"@id\":\"https:\/\/wienereigentumswohnungen.com\/pages\/#website\"},\"primaryImageOfPage\":{\"@id\":\"https:\/\/wienereigentumswohnungen.com\/pages\/epul-a-vilag-leghiresebb-metrovonala-becsben-az-5-os-korkep-a-vilag-nagyvarosaiban-1-resz\/#primaryimage\"},\"image\":{\"@id\":\"https:\/\/wienereigentumswohnungen.com\/pages\/epul-a-vilag-leghiresebb-metrovonala-becsben-az-5-os-korkep-a-vilag-nagyvarosaiban-1-resz\/#primaryimage\"},\"thumbnailUrl\":\"https:\/\/becsingatlan.com\/pages\/wp-content\/uploads\/2021\/02\/Bild2.png\",\"datePublished\":\"2021-02-09T14:51:43+00:00\",\"dateModified\":\"2021-02-16T15:23:03+00:00\",\"author\":{\"@id\":\"https:\/\/wienereigentumswohnungen.com\/pages\/#\/schema\/person\/1731478b0ce667ef0f89dd249bad44d2\"},\"breadcrumb\":{\"@id\":\"https:\/\/wienereigentumswohnungen.com\/pages\/epul-a-vilag-leghiresebb-metrovonala-becsben-az-5-os-korkep-a-vilag-nagyvarosaiban-1-resz\/#breadcrumb\"},\"inLanguage\":\"en-US\",\"potentialAction\":[{\"@type\":\"ReadAction\",\"target\":[\"https:\/\/wienereigentumswohnungen.com\/pages\/epul-a-vilag-leghiresebb-metrovonala-becsben-az-5-os-korkep-a-vilag-nagyvarosaiban-1-resz\/\"]}]},{\"@type\":\"ImageObject\",\"inLanguage\":\"en-US\",\"@id\":\"https:\/\/wienereigentumswohnungen.com\/pages\/epul-a-vilag-leghiresebb-metrovonala-becsben-az-5-os-korkep-a-vilag-nagyvarosaiban-1-resz\/#primaryimage\",\"url\":\"https:\/\/becsingatlan.com\/pages\/wp-content\/uploads\/2021\/02\/Bild2.png\",\"contentUrl\":\"https:\/\/becsingatlan.com\/pages\/wp-content\/uploads\/2021\/02\/Bild2.png\"},{\"@type\":\"BreadcrumbList\",\"@id\":\"https:\/\/wienereigentumswohnungen.com\/pages\/epul-a-vilag-leghiresebb-metrovonala-becsben-az-5-os-korkep-a-vilag-nagyvarosaiban-1-resz\/#breadcrumb\",\"itemListElement\":[{\"@type\":\"ListItem\",\"position\":1,\"name\":\"Home\",\"item\":\"https:\/\/wienereigentumswohnungen.com\/pages\/\"},{\"@type\":\"ListItem\",\"position\":2,\"name\":\"\u00c9p\u00fcl a vil\u00e1g legh\u00edresebb metr\u00f3vonala B\u00e9csben: az 5-\u00f6s &#8211; k\u00f6rk\u00e9p a vil\u00e1g nagyv\u00e1rosaiban\"}]},{\"@type\":\"WebSite\",\"@id\":\"https:\/\/wienereigentumswohnungen.com\/pages\/#website\",\"url\":\"https:\/\/wienereigentumswohnungen.com\/pages\/\",\"name\":\"Wiener Eigentumswohnungen\",\"description\":\"\",\"potentialAction\":[{\"@type\":\"SearchAction\",\"target\":{\"@type\":\"EntryPoint\",\"urlTemplate\":\"https:\/\/wienereigentumswohnungen.com\/pages\/?s={search_term_string}\"},\"query-input\":\"required name=search_term_string\"}],\"inLanguage\":\"en-US\"},{\"@type\":\"Person\",\"@id\":\"https:\/\/wienereigentumswohnungen.com\/pages\/#\/schema\/person\/1731478b0ce667ef0f89dd249bad44d2\",\"name\":\"Zoltan Nagy\",\"image\":{\"@type\":\"ImageObject\",\"inLanguage\":\"en-US\",\"@id\":\"https:\/\/wienereigentumswohnungen.com\/pages\/#\/schema\/person\/image\/\",\"url\":\"https:\/\/secure.gravatar.com\/avatar\/1600d03194e3298bd5da77a5123420a195925fb0e25be9a8ea962e15f6d0a4f2?s=96&d=mm&r=g\",\"contentUrl\":\"https:\/\/secure.gravatar.com\/avatar\/1600d03194e3298bd5da77a5123420a195925fb0e25be9a8ea962e15f6d0a4f2?s=96&d=mm&r=g\",\"caption\":\"Zoltan Nagy\"},\"sameAs\":[\"http:\/\/becsingatlan.com\"],\"url\":\"https:\/\/wienereigentumswohnungen.com\/pages\/author\/zoltan-nagy\/\"}]}<\/script>\n<!-- \/ Yoast SEO plugin. -->","yoast_head_json":{"title":"\u00c9p\u00fcl a vil\u00e1g legh\u00edresebb metr\u00f3vonala B\u00e9csben: az 5-\u00f6s - k\u00f6rk\u00e9p a vil\u00e1g nagyv\u00e1rosaiban - Wiener Eigentumswohnungen","robots":{"index":"index","follow":"follow","max-snippet":"max-snippet:-1","max-image-preview":"max-image-preview:large","max-video-preview":"max-video-preview:-1"},"canonical":"https:\/\/wienereigentumswohnungen.com\/pages\/epul-a-vilag-leghiresebb-metrovonala-becsben-az-5-os-korkep-a-vilag-nagyvarosaiban-1-resz\/","og_locale":"en_US","og_type":"article","og_title":"\u00c9p\u00fcl a vil\u00e1g legh\u00edresebb metr\u00f3vonala B\u00e9csben: az 5-\u00f6s - k\u00f6rk\u00e9p a vil\u00e1g nagyv\u00e1rosaiban - Wiener Eigentumswohnungen","og_description":"Janu\u00e1rban kezd\u0151dtek el B\u00e9csben az \u00faj 5-\u00f6s metr\u00f3 munk\u00e1latai. Ennek aprop\u00f3j\u00e1n a Der Standard munkat\u00e1rsai k\u00f6rbej\u00e1rt\u00e1k egy kicsit, hogy n\u00e9znek ki a vil\u00e1g nagyv\u00e1rosaiban a modern 5-\u00f6s sz\u00e1m\u00fa vonalak. Berlinben p\u00e9ld\u00e1ul 11 \u00e9vig dolgoztak az ipari m\u00e9ret\u0171 f\u00far\u00f3k a t\u00f6rt\u00e9nelmi v\u00e1rosr\u00e9sz alatt. V\u00e9g\u00fcl tavaly decemberben siker\u00fclt a Kelet-\u00e9s Nyugat-Berlin k\u00f6z\u00f6tti \u201er\u00e9st\u201d bet\u00f6lteni. Az \u00faj szakasz, [&hellip;]","og_url":"https:\/\/wienereigentumswohnungen.com\/pages\/epul-a-vilag-leghiresebb-metrovonala-becsben-az-5-os-korkep-a-vilag-nagyvarosaiban-1-resz\/","og_site_name":"Wiener Eigentumswohnungen","article_publisher":"https:\/\/www.facebook.com\/becsingatlanok\/","article_published_time":"2021-02-09T14:51:43+00:00","article_modified_time":"2021-02-16T15:23:03+00:00","og_image":[{"url":"https:\/\/becsingatlan.com\/pages\/wp-content\/uploads\/2021\/02\/Bild2.png"}],"author":"Zoltan Nagy","twitter_card":"summary_large_image","twitter_misc":{"Written by":"Zoltan Nagy","Est. reading time":"5 minutes"},"schema":{"@context":"https:\/\/schema.org","@graph":[{"@type":"WebPage","@id":"https:\/\/wienereigentumswohnungen.com\/pages\/epul-a-vilag-leghiresebb-metrovonala-becsben-az-5-os-korkep-a-vilag-nagyvarosaiban-1-resz\/","url":"https:\/\/wienereigentumswohnungen.com\/pages\/epul-a-vilag-leghiresebb-metrovonala-becsben-az-5-os-korkep-a-vilag-nagyvarosaiban-1-resz\/","name":"\u00c9p\u00fcl a vil\u00e1g legh\u00edresebb metr\u00f3vonala B\u00e9csben: az 5-\u00f6s - k\u00f6rk\u00e9p a vil\u00e1g nagyv\u00e1rosaiban - Wiener Eigentumswohnungen","isPartOf":{"@id":"https:\/\/wienereigentumswohnungen.com\/pages\/#website"},"primaryImageOfPage":{"@id":"https:\/\/wienereigentumswohnungen.com\/pages\/epul-a-vilag-leghiresebb-metrovonala-becsben-az-5-os-korkep-a-vilag-nagyvarosaiban-1-resz\/#primaryimage"},"image":{"@id":"https:\/\/wienereigentumswohnungen.com\/pages\/epul-a-vilag-leghiresebb-metrovonala-becsben-az-5-os-korkep-a-vilag-nagyvarosaiban-1-resz\/#primaryimage"},"thumbnailUrl":"https:\/\/becsingatlan.com\/pages\/wp-content\/uploads\/2021\/02\/Bild2.png","datePublished":"2021-02-09T14:51:43+00:00","dateModified":"2021-02-16T15:23:03+00:00","author":{"@id":"https:\/\/wienereigentumswohnungen.com\/pages\/#\/schema\/person\/1731478b0ce667ef0f89dd249bad44d2"},"breadcrumb":{"@id":"https:\/\/wienereigentumswohnungen.com\/pages\/epul-a-vilag-leghiresebb-metrovonala-becsben-az-5-os-korkep-a-vilag-nagyvarosaiban-1-resz\/#breadcrumb"},"inLanguage":"en-US","potentialAction":[{"@type":"ReadAction","target":["https:\/\/wienereigentumswohnungen.com\/pages\/epul-a-vilag-leghiresebb-metrovonala-becsben-az-5-os-korkep-a-vilag-nagyvarosaiban-1-resz\/"]}]},{"@type":"ImageObject","inLanguage":"en-US","@id":"https:\/\/wienereigentumswohnungen.com\/pages\/epul-a-vilag-leghiresebb-metrovonala-becsben-az-5-os-korkep-a-vilag-nagyvarosaiban-1-resz\/#primaryimage","url":"https:\/\/becsingatlan.com\/pages\/wp-content\/uploads\/2021\/02\/Bild2.png","contentUrl":"https:\/\/becsingatlan.com\/pages\/wp-content\/uploads\/2021\/02\/Bild2.png"},{"@type":"BreadcrumbList","@id":"https:\/\/wienereigentumswohnungen.com\/pages\/epul-a-vilag-leghiresebb-metrovonala-becsben-az-5-os-korkep-a-vilag-nagyvarosaiban-1-resz\/#breadcrumb","itemListElement":[{"@type":"ListItem","position":1,"name":"Home","item":"https:\/\/wienereigentumswohnungen.com\/pages\/"},{"@type":"ListItem","position":2,"name":"\u00c9p\u00fcl a vil\u00e1g legh\u00edresebb metr\u00f3vonala B\u00e9csben: az 5-\u00f6s &#8211; k\u00f6rk\u00e9p a vil\u00e1g nagyv\u00e1rosaiban"}]},{"@type":"WebSite","@id":"https:\/\/wienereigentumswohnungen.com\/pages\/#website","url":"https:\/\/wienereigentumswohnungen.com\/pages\/","name":"Wiener Eigentumswohnungen","description":"","potentialAction":[{"@type":"SearchAction","target":{"@type":"EntryPoint","urlTemplate":"https:\/\/wienereigentumswohnungen.com\/pages\/?s={search_term_string}"},"query-input":"required name=search_term_string"}],"inLanguage":"en-US"},{"@type":"Person","@id":"https:\/\/wienereigentumswohnungen.com\/pages\/#\/schema\/person\/1731478b0ce667ef0f89dd249bad44d2","name":"Zoltan Nagy","image":{"@type":"ImageObject","inLanguage":"en-US","@id":"https:\/\/wienereigentumswohnungen.com\/pages\/#\/schema\/person\/image\/","url":"https:\/\/secure.gravatar.com\/avatar\/1600d03194e3298bd5da77a5123420a195925fb0e25be9a8ea962e15f6d0a4f2?s=96&d=mm&r=g","contentUrl":"https:\/\/secure.gravatar.com\/avatar\/1600d03194e3298bd5da77a5123420a195925fb0e25be9a8ea962e15f6d0a4f2?s=96&d=mm&r=g","caption":"Zoltan Nagy"},"sameAs":["http:\/\/becsingatlan.com"],"url":"https:\/\/wienereigentumswohnungen.com\/pages\/author\/zoltan-nagy\/"}]}},"_links":{"self":[{"href":"https:\/\/wienereigentumswohnungen.com\/pages\/wp-json\/wp\/v2\/posts\/467","targetHints":{"allow":["GET"]}}],"collection":[{"href":"https:\/\/wienereigentumswohnungen.com\/pages\/wp-json\/wp\/v2\/posts"}],"about":[{"href":"https:\/\/wienereigentumswohnungen.com\/pages\/wp-json\/wp\/v2\/types\/post"}],"author":[{"embeddable":true,"href":"https:\/\/wienereigentumswohnungen.com\/pages\/wp-json\/wp\/v2\/users\/2"}],"replies":[{"embeddable":true,"href":"https:\/\/wienereigentumswohnungen.com\/pages\/wp-json\/wp\/v2\/comments?post=467"}],"version-history":[{"count":11,"href":"https:\/\/wienereigentumswohnungen.com\/pages\/wp-json\/wp\/v2\/posts\/467\/revisions"}],"predecessor-version":[{"id":484,"href":"https:\/\/wienereigentumswohnungen.com\/pages\/wp-json\/wp\/v2\/posts\/467\/revisions\/484"}],"wp:attachment":[{"href":"https:\/\/wienereigentumswohnungen.com\/pages\/wp-json\/wp\/v2\/media?parent=467"}],"wp:term":[{"taxonomy":"category","embeddable":true,"href":"https:\/\/wienereigentumswohnungen.com\/pages\/wp-json\/wp\/v2\/categories?post=467"},{"taxonomy":"post_tag","embeddable":true,"href":"https:\/\/wienereigentumswohnungen.com\/pages\/wp-json\/wp\/v2\/tags?post=467"}],"curies":[{"name":"wp","href":"https:\/\/api.w.org\/{rel}","templated":true}]}}