{"id":405,"date":"2020-11-27T09:24:42","date_gmt":"2020-11-27T08:24:42","guid":{"rendered":"https:\/\/becsingatlan.com\/pages\/?p=405"},"modified":"2020-12-17T10:11:16","modified_gmt":"2020-12-17T09:11:16","slug":"financial-times-nyuzsgo-kozpontokbol-kisertetvarosok-vagy-uj-lehetoseg-a-fejlodesre","status":"publish","type":"post","link":"https:\/\/wienereigentumswohnungen.com\/pages\/financial-times-nyuzsgo-kozpontokbol-kisertetvarosok-vagy-uj-lehetoseg-a-fejlodesre\/","title":{"rendered":"Financial Times: Ny\u00fczsg\u0151 k\u00f6zpontokb\u00f3l k\u00eds\u00e9rtetv\u00e1rosok vagy \u00faj lehet\u0151s\u00e9g a fejl\u0151d\u00e9sre?"},"content":{"rendered":"\n<p>A Financial Times besz\u00e1mol\u00f3ja szerint a koronav\u00edrus miatti korl\u00e1toz\u00e1sokt\u00f3l minden nagyv\u00e1ros szenved. M\u00e9gis legink\u00e1bb New York-ot \u00e9s Londont s\u00fajtott\u00e1k eddig a j\u00e1rv\u00e1ny k\u00f6vetkezm\u00e9nyei: Londonban m\u00e9g okt\u00f3ber elej\u00e9n is a kor\u00e1bbi forgalomnak mind\u00f6sszesen egy harmad\u00e1t tette ki az \u00e9ttermek, \u00fczletek forgalma, az\u00f3ta pedig az \u00fajabb int\u00e9zked\u00e9sekkeL tov\u00e1bb cs\u00f6kkenhetett. Vid\u00e9ken a visszaes\u00e9s kev\u00e9sb\u00e9 volt drasztikus, amir\u0151l az orsz\u00e1gos 70%-os szint tan\u00faskodik. A tengerent\u00falon is hasonl\u00f3 tendenci\u00e1k rajzol\u00f3dnak: Manhattan-ben 50%-os apad\u00e1s, m\u00edg az\u00e9rt az orsz\u00e1gos \u00e1tlag enn\u00e9l kedvez\u0151bb k\u00e9pet mutat: csak 15%-kal volt alacsonyabb szinteken.<\/p>\n\n\n\n<p>A nagyv\u00e1rosokban k\u00e9zzelfoghat\u00f3 v\u00e1ltoz\u00e1sok, mint p\u00e9ld\u00e1ul az irod\u00e1k ir\u00e1nti alacsony kereslet a szak\u00e9rt\u0151k \u00e9s piaci szerepl\u0151k jelent\u0151s r\u00e9sze szerint tart\u00f3san is \u00e1talak\u00edthatj\u00e1k a v\u00e1rosk\u00e9pet \u00e9s tendenci\u00e1kat, a 80-\u00e9vek \u00f3ta nem l\u00e1tott v\u00e1ltoz\u00e1sok j\u00f6hetnek. Imm\u00e1r a gazdas\u00e1g jelent\u0151s r\u00e9sze minden orsz\u00e1gr\u00e9szben \u00e1t\u00e1llt az otthonr\u00f3l t\u00f6rt\u00e9n\u0151 munkav\u00e9gz\u00e9sre. Felm\u00e9r\u00e9sek azt mutatj\u00e1k, hogy m\u00e1r k\u00e9tszer annyian dolgoznak otthonr\u00f3l, mint irod\u00e1ban. A brit v\u00e1llakoz\u00e1sok 75%-a szeretn\u00e9 ezt a form\u00e1t a v\u00e1ls\u00e1g ut\u00e1n is megtartani. &nbsp;Ezek a trendek nem csak a v\u00e1rosk\u00f6zpontokat rajzolhatj\u00e1k \u00e1t kisebb \u00e9s rugalmasabb irod\u00e1kkal, hanem a k\u00fcls\u0151 v\u00e1rosr\u00e9szek infastrukt\u00far\u00e1j\u00e1nak fejleszt\u00e9s\u00e9hez is hozz\u00e1j\u00e1rulhatnak. S persze mindez t\u00f6bb csal\u00e1dot vonz majd, s\u0151t \u00faj munkahelyeket teremt.<\/p>\n\n\n\n<p>A k\u00f6zponti irodai beruh\u00e1z\u00e1sok az\u00e9rt is zuhantak drasztikusan, mert a fiatal munkav\u00e1llal\u00f3k sz\u00e1m\u00e1ra szint\u00e9n cs\u00f6kkent a nagyv\u00e1rosok k\u00f6zpontj\u00e1ban val\u00f3 munka vonzereje. Ahogy egy szak\u00e9rt\u0151 fogalmazott: \u201eakik kor\u00e1bban 35 \u00e9ves korukig tervezt\u00e9k k\u00f6zponti irod\u00e1ban a karrierj\u00fcket, most m\u00e1r 30 \u00e9vesen is v\u00e1ltan\u00e1nak.\u201d Egyre t\u00f6bb nagyv\u00e1rosban lehet szempont, hogy az ing\u00e1z\u00e1s, a munk\u00e1ba j\u00e1r\u00e1s ne l\u00e9pje t\u00fal a 15-20 perces s\u00e1vot, ehhez pedig a v\u00e1rosszerkezetnek is alkalmazkodni kell. Ezzel a v\u00e1roscentrumok parkos\u00edt\u00e1sa, \u00e9lhet\u0151bb\u00e9 var\u00e1zsol\u00e1sa is kaphat egy l\u00f6k\u00e9st, ugyan\u00fagy, mint a k\u00f6zleked\u00e9si \u00fatvonalak korszer\u0171s\u00edt\u00e9se, biztons\u00e1gosabb\u00e1 t\u00e9tele, a higi\u00e9niai szempontok jav\u00edt\u00e1sa.<\/p>\n\n\n\n<p>M\u00e1sr\u00e9szr\u0151l ezek az ir\u00e1nyok egy\u00e1ltal\u00e1n nem jelentik az k\u00f6zponti urbaniz\u00e1ci\u00f3 v\u00e9g\u00e9t. Hiszen, ahogy az iroda\u00e1rak, a kereskedelmi c\u00e9l\u00fa ingatlanok olcs\u00f3bb\u00e1 v\u00e1lnak, az id\u0151sebb gener\u00e1ci\u00f3 ut\u00e1n a fiatalabbak kedvez\u0151bb lehet\u0151s\u00e9get l\u00e1thatnak a j\u00f6v\u0151ben, hogy r\u00e9szesei legyenek a centrum pezsg\u00e9s\u00e9nek, \u00fajfajta felvir\u00e1gz\u00e1s\u00e1nak. \u00cdgy tulajdonk\u00e9ppen nem a nagyv\u00e1rosi k\u00f6zpontok v\u00e9gs\u0151 le\u00e1ldoz\u00e1s\u00e1nak, csak egy formai, szerkezeti meg\u00fajul\u00e1snak lehet\u00fcnk tan\u00fai.<\/p>\n\n\n\n<p>Forr\u00e1s: Financial Times<br><a href=\"https:\/\/becsingatlan.us16.list-manage.com\/track\/click?u=97857ca5e6e035f0206ba96f4&amp;id=399e8c279b&amp;e=e9ab1ec156\"><strong>https:\/\/www.ft.com\/content\/d5b45dba-14dc-443b-8a8c-e9e9bbc3fb9a<\/strong><\/a><\/p>\n","protected":false},"excerpt":{"rendered":"<p>A Financial Times besz\u00e1mol\u00f3ja szerint a koronav\u00edrus miatti korl\u00e1toz\u00e1sokt\u00f3l minden nagyv\u00e1ros szenved. M\u00e9gis legink\u00e1bb New York-ot \u00e9s Londont s\u00fajtott\u00e1k eddig a j\u00e1rv\u00e1ny k\u00f6vetkezm\u00e9nyei: Londonban m\u00e9g okt\u00f3ber elej\u00e9n is a kor\u00e1bbi forgalomnak mind\u00f6sszesen egy harmad\u00e1t tette ki az \u00e9ttermek, \u00fczletek forgalma, az\u00f3ta pedig az \u00fajabb int\u00e9zked\u00e9sekkeL tov\u00e1bb cs\u00f6kkenhetett. Vid\u00e9ken a visszaes\u00e9s kev\u00e9sb\u00e9 volt drasztikus, amir\u0151l az [&hellip;]<\/p>\n","protected":false},"author":2,"featured_media":0,"comment_status":"closed","ping_status":"closed","sticky":false,"template":"","format":"standard","meta":{"footnotes":""},"categories":[5],"tags":[],"class_list":["post-405","post","type-post","status-publish","format-standard","hentry","category-ingatlanpiaci_hirek"],"yoast_head":"<!-- This site is optimized with the Yoast SEO plugin v22.7 - https:\/\/yoast.com\/wordpress\/plugins\/seo\/ -->\n<title>Financial Times: Ny\u00fczsg\u0151 k\u00f6zpontokb\u00f3l k\u00eds\u00e9rtetv\u00e1rosok vagy \u00faj lehet\u0151s\u00e9g a fejl\u0151d\u00e9sre? - Wiener Eigentumswohnungen<\/title>\n<meta name=\"robots\" content=\"index, follow, max-snippet:-1, max-image-preview:large, max-video-preview:-1\" \/>\n<link rel=\"canonical\" href=\"https:\/\/wienereigentumswohnungen.com\/pages\/financial-times-nyuzsgo-kozpontokbol-kisertetvarosok-vagy-uj-lehetoseg-a-fejlodesre\/\" \/>\n<meta property=\"og:locale\" content=\"en_US\" \/>\n<meta property=\"og:type\" content=\"article\" \/>\n<meta property=\"og:title\" content=\"Financial Times: Ny\u00fczsg\u0151 k\u00f6zpontokb\u00f3l k\u00eds\u00e9rtetv\u00e1rosok vagy \u00faj lehet\u0151s\u00e9g a fejl\u0151d\u00e9sre? - Wiener Eigentumswohnungen\" \/>\n<meta property=\"og:description\" content=\"A Financial Times besz\u00e1mol\u00f3ja szerint a koronav\u00edrus miatti korl\u00e1toz\u00e1sokt\u00f3l minden nagyv\u00e1ros szenved. M\u00e9gis legink\u00e1bb New York-ot \u00e9s Londont s\u00fajtott\u00e1k eddig a j\u00e1rv\u00e1ny k\u00f6vetkezm\u00e9nyei: Londonban m\u00e9g okt\u00f3ber elej\u00e9n is a kor\u00e1bbi forgalomnak mind\u00f6sszesen egy harmad\u00e1t tette ki az \u00e9ttermek, \u00fczletek forgalma, az\u00f3ta pedig az \u00fajabb int\u00e9zked\u00e9sekkeL tov\u00e1bb cs\u00f6kkenhetett. Vid\u00e9ken a visszaes\u00e9s kev\u00e9sb\u00e9 volt drasztikus, amir\u0151l az [&hellip;]\" \/>\n<meta property=\"og:url\" content=\"https:\/\/wienereigentumswohnungen.com\/pages\/financial-times-nyuzsgo-kozpontokbol-kisertetvarosok-vagy-uj-lehetoseg-a-fejlodesre\/\" \/>\n<meta property=\"og:site_name\" content=\"Wiener Eigentumswohnungen\" \/>\n<meta property=\"article:publisher\" content=\"https:\/\/www.facebook.com\/becsingatlanok\/\" \/>\n<meta property=\"article:published_time\" content=\"2020-11-27T08:24:42+00:00\" \/>\n<meta property=\"article:modified_time\" content=\"2020-12-17T09:11:16+00:00\" \/>\n<meta name=\"author\" content=\"Zoltan Nagy\" \/>\n<meta name=\"twitter:card\" content=\"summary_large_image\" \/>\n<meta name=\"twitter:label1\" content=\"Written by\" \/>\n\t<meta name=\"twitter:data1\" content=\"Zoltan Nagy\" \/>\n\t<meta name=\"twitter:label2\" content=\"Est. reading time\" \/>\n\t<meta name=\"twitter:data2\" content=\"3 minutes\" \/>\n<script type=\"application\/ld+json\" class=\"yoast-schema-graph\">{\"@context\":\"https:\/\/schema.org\",\"@graph\":[{\"@type\":\"WebPage\",\"@id\":\"https:\/\/wienereigentumswohnungen.com\/pages\/financial-times-nyuzsgo-kozpontokbol-kisertetvarosok-vagy-uj-lehetoseg-a-fejlodesre\/\",\"url\":\"https:\/\/wienereigentumswohnungen.com\/pages\/financial-times-nyuzsgo-kozpontokbol-kisertetvarosok-vagy-uj-lehetoseg-a-fejlodesre\/\",\"name\":\"Financial Times: Ny\u00fczsg\u0151 k\u00f6zpontokb\u00f3l k\u00eds\u00e9rtetv\u00e1rosok vagy \u00faj lehet\u0151s\u00e9g a fejl\u0151d\u00e9sre? - Wiener Eigentumswohnungen\",\"isPartOf\":{\"@id\":\"https:\/\/wienereigentumswohnungen.com\/pages\/#website\"},\"datePublished\":\"2020-11-27T08:24:42+00:00\",\"dateModified\":\"2020-12-17T09:11:16+00:00\",\"author\":{\"@id\":\"https:\/\/wienereigentumswohnungen.com\/pages\/#\/schema\/person\/1731478b0ce667ef0f89dd249bad44d2\"},\"breadcrumb\":{\"@id\":\"https:\/\/wienereigentumswohnungen.com\/pages\/financial-times-nyuzsgo-kozpontokbol-kisertetvarosok-vagy-uj-lehetoseg-a-fejlodesre\/#breadcrumb\"},\"inLanguage\":\"en-US\",\"potentialAction\":[{\"@type\":\"ReadAction\",\"target\":[\"https:\/\/wienereigentumswohnungen.com\/pages\/financial-times-nyuzsgo-kozpontokbol-kisertetvarosok-vagy-uj-lehetoseg-a-fejlodesre\/\"]}]},{\"@type\":\"BreadcrumbList\",\"@id\":\"https:\/\/wienereigentumswohnungen.com\/pages\/financial-times-nyuzsgo-kozpontokbol-kisertetvarosok-vagy-uj-lehetoseg-a-fejlodesre\/#breadcrumb\",\"itemListElement\":[{\"@type\":\"ListItem\",\"position\":1,\"name\":\"Home\",\"item\":\"https:\/\/wienereigentumswohnungen.com\/pages\/\"},{\"@type\":\"ListItem\",\"position\":2,\"name\":\"Financial Times: Ny\u00fczsg\u0151 k\u00f6zpontokb\u00f3l k\u00eds\u00e9rtetv\u00e1rosok vagy \u00faj lehet\u0151s\u00e9g a fejl\u0151d\u00e9sre?\"}]},{\"@type\":\"WebSite\",\"@id\":\"https:\/\/wienereigentumswohnungen.com\/pages\/#website\",\"url\":\"https:\/\/wienereigentumswohnungen.com\/pages\/\",\"name\":\"Wiener Eigentumswohnungen\",\"description\":\"\",\"potentialAction\":[{\"@type\":\"SearchAction\",\"target\":{\"@type\":\"EntryPoint\",\"urlTemplate\":\"https:\/\/wienereigentumswohnungen.com\/pages\/?s={search_term_string}\"},\"query-input\":\"required name=search_term_string\"}],\"inLanguage\":\"en-US\"},{\"@type\":\"Person\",\"@id\":\"https:\/\/wienereigentumswohnungen.com\/pages\/#\/schema\/person\/1731478b0ce667ef0f89dd249bad44d2\",\"name\":\"Zoltan Nagy\",\"image\":{\"@type\":\"ImageObject\",\"inLanguage\":\"en-US\",\"@id\":\"https:\/\/wienereigentumswohnungen.com\/pages\/#\/schema\/person\/image\/\",\"url\":\"https:\/\/secure.gravatar.com\/avatar\/1600d03194e3298bd5da77a5123420a195925fb0e25be9a8ea962e15f6d0a4f2?s=96&d=mm&r=g\",\"contentUrl\":\"https:\/\/secure.gravatar.com\/avatar\/1600d03194e3298bd5da77a5123420a195925fb0e25be9a8ea962e15f6d0a4f2?s=96&d=mm&r=g\",\"caption\":\"Zoltan Nagy\"},\"sameAs\":[\"http:\/\/becsingatlan.com\"],\"url\":\"https:\/\/wienereigentumswohnungen.com\/pages\/author\/zoltan-nagy\/\"}]}<\/script>\n<!-- \/ Yoast SEO plugin. -->","yoast_head_json":{"title":"Financial Times: Ny\u00fczsg\u0151 k\u00f6zpontokb\u00f3l k\u00eds\u00e9rtetv\u00e1rosok vagy \u00faj lehet\u0151s\u00e9g a fejl\u0151d\u00e9sre? - Wiener Eigentumswohnungen","robots":{"index":"index","follow":"follow","max-snippet":"max-snippet:-1","max-image-preview":"max-image-preview:large","max-video-preview":"max-video-preview:-1"},"canonical":"https:\/\/wienereigentumswohnungen.com\/pages\/financial-times-nyuzsgo-kozpontokbol-kisertetvarosok-vagy-uj-lehetoseg-a-fejlodesre\/","og_locale":"en_US","og_type":"article","og_title":"Financial Times: Ny\u00fczsg\u0151 k\u00f6zpontokb\u00f3l k\u00eds\u00e9rtetv\u00e1rosok vagy \u00faj lehet\u0151s\u00e9g a fejl\u0151d\u00e9sre? - Wiener Eigentumswohnungen","og_description":"A Financial Times besz\u00e1mol\u00f3ja szerint a koronav\u00edrus miatti korl\u00e1toz\u00e1sokt\u00f3l minden nagyv\u00e1ros szenved. M\u00e9gis legink\u00e1bb New York-ot \u00e9s Londont s\u00fajtott\u00e1k eddig a j\u00e1rv\u00e1ny k\u00f6vetkezm\u00e9nyei: Londonban m\u00e9g okt\u00f3ber elej\u00e9n is a kor\u00e1bbi forgalomnak mind\u00f6sszesen egy harmad\u00e1t tette ki az \u00e9ttermek, \u00fczletek forgalma, az\u00f3ta pedig az \u00fajabb int\u00e9zked\u00e9sekkeL tov\u00e1bb cs\u00f6kkenhetett. Vid\u00e9ken a visszaes\u00e9s kev\u00e9sb\u00e9 volt drasztikus, amir\u0151l az [&hellip;]","og_url":"https:\/\/wienereigentumswohnungen.com\/pages\/financial-times-nyuzsgo-kozpontokbol-kisertetvarosok-vagy-uj-lehetoseg-a-fejlodesre\/","og_site_name":"Wiener Eigentumswohnungen","article_publisher":"https:\/\/www.facebook.com\/becsingatlanok\/","article_published_time":"2020-11-27T08:24:42+00:00","article_modified_time":"2020-12-17T09:11:16+00:00","author":"Zoltan Nagy","twitter_card":"summary_large_image","twitter_misc":{"Written by":"Zoltan Nagy","Est. reading time":"3 minutes"},"schema":{"@context":"https:\/\/schema.org","@graph":[{"@type":"WebPage","@id":"https:\/\/wienereigentumswohnungen.com\/pages\/financial-times-nyuzsgo-kozpontokbol-kisertetvarosok-vagy-uj-lehetoseg-a-fejlodesre\/","url":"https:\/\/wienereigentumswohnungen.com\/pages\/financial-times-nyuzsgo-kozpontokbol-kisertetvarosok-vagy-uj-lehetoseg-a-fejlodesre\/","name":"Financial Times: Ny\u00fczsg\u0151 k\u00f6zpontokb\u00f3l k\u00eds\u00e9rtetv\u00e1rosok vagy \u00faj lehet\u0151s\u00e9g a fejl\u0151d\u00e9sre? - Wiener Eigentumswohnungen","isPartOf":{"@id":"https:\/\/wienereigentumswohnungen.com\/pages\/#website"},"datePublished":"2020-11-27T08:24:42+00:00","dateModified":"2020-12-17T09:11:16+00:00","author":{"@id":"https:\/\/wienereigentumswohnungen.com\/pages\/#\/schema\/person\/1731478b0ce667ef0f89dd249bad44d2"},"breadcrumb":{"@id":"https:\/\/wienereigentumswohnungen.com\/pages\/financial-times-nyuzsgo-kozpontokbol-kisertetvarosok-vagy-uj-lehetoseg-a-fejlodesre\/#breadcrumb"},"inLanguage":"en-US","potentialAction":[{"@type":"ReadAction","target":["https:\/\/wienereigentumswohnungen.com\/pages\/financial-times-nyuzsgo-kozpontokbol-kisertetvarosok-vagy-uj-lehetoseg-a-fejlodesre\/"]}]},{"@type":"BreadcrumbList","@id":"https:\/\/wienereigentumswohnungen.com\/pages\/financial-times-nyuzsgo-kozpontokbol-kisertetvarosok-vagy-uj-lehetoseg-a-fejlodesre\/#breadcrumb","itemListElement":[{"@type":"ListItem","position":1,"name":"Home","item":"https:\/\/wienereigentumswohnungen.com\/pages\/"},{"@type":"ListItem","position":2,"name":"Financial Times: Ny\u00fczsg\u0151 k\u00f6zpontokb\u00f3l k\u00eds\u00e9rtetv\u00e1rosok vagy \u00faj lehet\u0151s\u00e9g a fejl\u0151d\u00e9sre?"}]},{"@type":"WebSite","@id":"https:\/\/wienereigentumswohnungen.com\/pages\/#website","url":"https:\/\/wienereigentumswohnungen.com\/pages\/","name":"Wiener Eigentumswohnungen","description":"","potentialAction":[{"@type":"SearchAction","target":{"@type":"EntryPoint","urlTemplate":"https:\/\/wienereigentumswohnungen.com\/pages\/?s={search_term_string}"},"query-input":"required name=search_term_string"}],"inLanguage":"en-US"},{"@type":"Person","@id":"https:\/\/wienereigentumswohnungen.com\/pages\/#\/schema\/person\/1731478b0ce667ef0f89dd249bad44d2","name":"Zoltan Nagy","image":{"@type":"ImageObject","inLanguage":"en-US","@id":"https:\/\/wienereigentumswohnungen.com\/pages\/#\/schema\/person\/image\/","url":"https:\/\/secure.gravatar.com\/avatar\/1600d03194e3298bd5da77a5123420a195925fb0e25be9a8ea962e15f6d0a4f2?s=96&d=mm&r=g","contentUrl":"https:\/\/secure.gravatar.com\/avatar\/1600d03194e3298bd5da77a5123420a195925fb0e25be9a8ea962e15f6d0a4f2?s=96&d=mm&r=g","caption":"Zoltan Nagy"},"sameAs":["http:\/\/becsingatlan.com"],"url":"https:\/\/wienereigentumswohnungen.com\/pages\/author\/zoltan-nagy\/"}]}},"_links":{"self":[{"href":"https:\/\/wienereigentumswohnungen.com\/pages\/wp-json\/wp\/v2\/posts\/405","targetHints":{"allow":["GET"]}}],"collection":[{"href":"https:\/\/wienereigentumswohnungen.com\/pages\/wp-json\/wp\/v2\/posts"}],"about":[{"href":"https:\/\/wienereigentumswohnungen.com\/pages\/wp-json\/wp\/v2\/types\/post"}],"author":[{"embeddable":true,"href":"https:\/\/wienereigentumswohnungen.com\/pages\/wp-json\/wp\/v2\/users\/2"}],"replies":[{"embeddable":true,"href":"https:\/\/wienereigentumswohnungen.com\/pages\/wp-json\/wp\/v2\/comments?post=405"}],"version-history":[{"count":2,"href":"https:\/\/wienereigentumswohnungen.com\/pages\/wp-json\/wp\/v2\/posts\/405\/revisions"}],"predecessor-version":[{"id":409,"href":"https:\/\/wienereigentumswohnungen.com\/pages\/wp-json\/wp\/v2\/posts\/405\/revisions\/409"}],"wp:attachment":[{"href":"https:\/\/wienereigentumswohnungen.com\/pages\/wp-json\/wp\/v2\/media?parent=405"}],"wp:term":[{"taxonomy":"category","embeddable":true,"href":"https:\/\/wienereigentumswohnungen.com\/pages\/wp-json\/wp\/v2\/categories?post=405"},{"taxonomy":"post_tag","embeddable":true,"href":"https:\/\/wienereigentumswohnungen.com\/pages\/wp-json\/wp\/v2\/tags?post=405"}],"curies":[{"name":"wp","href":"https:\/\/api.w.org\/{rel}","templated":true}]}}