{"id":359,"date":"2020-11-04T16:33:09","date_gmt":"2020-11-04T15:33:09","guid":{"rendered":"https:\/\/becsingatlan.com\/pages\/?p=359"},"modified":"2020-11-06T11:25:01","modified_gmt":"2020-11-06T10:25:01","slug":"raiffeisen-ingatlanpiaci-trendek-a-lakas-mint-biztonsagi-eszkoz-a-kedvezo-folyamatok-kitartanak","status":"publish","type":"post","link":"https:\/\/wienereigentumswohnungen.com\/pages\/raiffeisen-ingatlanpiaci-trendek-a-lakas-mint-biztonsagi-eszkoz-a-kedvezo-folyamatok-kitartanak\/","title":{"rendered":"Raiffeisen Ingatlanpiaci trendek: A lak\u00e1s Ausztri\u00e1ban mint biztons\u00e1gi eszk\u00f6z: a kedvez\u0151 folyamatok kitartanak"},"content":{"rendered":"\n<p>A Raiffeisen Bank okt\u00f3beri elemz\u00e9s\u00e9ben 4 aktu\u00e1lis trendet azonos\u00edtott az ausztriai ingatlanpiacon:<\/p>\n\n\n\n<ul class=\"wp-block-list\"><li>Az \u00e1remelked\u00e9st a koronav\u00e1ls\u00e1g tov\u00e1bb gyors\u00edtotta<\/li><li>A vagyoni biztons\u00e1g az els\u0151dleges szempont a tranzakci\u00f3kn\u00e1l<\/li><li>Egy\u00e9rtelm\u0171en megn\u00f6vekedett kereslet<\/li><li>A z\u00f6ld \u00f6vezethez k\u00f6zel es\u0151 ingatlanok a legkedveltebbek<\/li><\/ul>\n\n\n\n<p>A kor\u00e1bbi id\u0151szak alacsony kamatk\u00f6rnyezete mell\u00e9 a biztons\u00e1gos eszk\u00f6z\u00f6k ir\u00e1nti ig\u00e9ny is megjelent az ingatlanpiaci keresletben, amelyet az \u00e1tmeneti gazdas\u00e1gi visszaes\u00e9s sem t\u00f6rt meg. A r\u00f6vid t\u00e1v\u00fa trendet elk\u00e9pzelhet\u0151, hogy lass\u00edtja majd a v\u00e1ls\u00e1gb\u00f3l fakad\u00f3 bizonytalanabb j\u00f6vedelmi helyzet, \u00e1m az alapvet\u0151 t\u00e9nyez\u0151k az ingatlanpiaci trend folytat\u00f3d\u00e1s\u00e1t vet\u00edtik el\u0151re: a kamatok alacsonyak maradnak, a k\u00edn\u00e1lat cs\u00f6kken\u0151 mederben, a frekvent\u00e1lt fekv\u00e9s\u0171 ingatlanok sz\u00e1ma korl\u00e1tozott. A gazdas\u00e1gi v\u00e1ls\u00e1gban pedig az ingatlan Ausztri\u00e1ban megb\u00edzhat\u00f3 menek\u00fcl\u00e9si eszk\u00f6z, a \u201ekem\u00e9ny valuta\u201d szimb\u00f3luma. A v\u00e1rosokban az otthoni munkav\u00e9gz\u00e9sre alkalmas vagy erk\u00e9llyel rendelkez\u0151 lak\u00e1sok k\u00fcl\u00f6n\u00f6sen fel\u00e9rt\u00e9kel\u0151dtek. A j\u00f3 infrastrukt\u00far\u00e1val rendelkez\u0151, iskol\u00e1k, \u00f3vod\u00e1k k\u00f6zel\u00e9ben, gyors internet el\u00e9r\u00e9st biztos\u00edt\u00f3 ingatlanok szint\u00e9n profit\u00e1ltak ezekb\u0151l a folyamatokb\u00f3l. A folytat\u00f3d\u00f3 gyeng\u00e9bb gazdas\u00e1gi k\u00f6rnyezet v\u00e1rhat\u00f3an tov\u00e1bbra is ink\u00e1bb a kereskedelmi c\u00e9l\u00fa ingatlanokat s\u00fajtja, a rugalmasabb lak\u00f3ingatlanok az \u00e9rt\u00e9ket tekintve a v\u00e1ls\u00e1gb\u00f3l meger\u0151s\u00f6dve ker\u00fclhetnek ki.<\/p>\n\n\n\n<div class=\"wp-block-image\"><figure class=\"aligncenter size-large\"><img loading=\"lazy\" decoding=\"async\" width=\"1024\" height=\"534\" src=\"https:\/\/becsingatlan.com\/pages\/wp-content\/uploads\/2020\/11\/BIP-Real-indexiert-1024x534.png\" alt=\"\" class=\"wp-image-370\" srcset=\"https:\/\/wienereigentumswohnungen.com\/pages\/wp-content\/uploads\/2020\/11\/BIP-Real-indexiert-1024x534.png 1024w, https:\/\/wienereigentumswohnungen.com\/pages\/wp-content\/uploads\/2020\/11\/BIP-Real-indexiert-300x156.png 300w, https:\/\/wienereigentumswohnungen.com\/pages\/wp-content\/uploads\/2020\/11\/BIP-Real-indexiert-768x400.png 768w, https:\/\/wienereigentumswohnungen.com\/pages\/wp-content\/uploads\/2020\/11\/BIP-Real-indexiert.png 1350w\" sizes=\"auto, (max-width: 1024px) 100vw, 1024px\" \/><figcaption><em>Raiffeisen el\u0151rejelz\u00e9s: Az osztr\u00e1k re\u00e1l GDP v\u00e1ltoz\u00e1sa 2020 m\u00e1sodik negyed\u00e9v\u00e9t\u0151l<\/em><\/figcaption><\/figure><\/div>\n\n\n\n<p>A Raiffeisen a gazdas\u00e1gban a 2020-as nagy, mintegy 7,5%-os visszaes\u00e9st k\u00f6vet\u0151en 2021-ben m\u00e9rs\u00e9kelt b\u0151v\u00fcl\u00e9sre sz\u00e1m\u00edt (3,5%), <strong>az ingatlan\u00e1rak \u00e9rt\u00e9kn\u00f6veked\u00e9se viszont j\u00f6v\u0151re is 1,2 \u00e9s 5% k\u00f6z\u00f6tt alakulhat, vagyis az \u00e1remelked\u00e9s folytat\u00f3dhat az al\u00e1bbi t\u00e9nyez\u0151k al\u00e1t\u00e1maszt\u00e1s\u00e1val:<\/strong><\/p>\n\n\n\n<ul class=\"wp-block-list\"><li>A gazdas\u00e1gi ciklus \u00faj norm\u00e1kra \u00e9p\u00fcl: hosszabb t\u00e1von is maradhatnak az alacsony kamatok<\/li><li>A gazdas\u00e1gi kock\u00e1zatok most m\u00e1r mindenki sz\u00e1m\u00e1ra \u00e1tl\u00e1that\u00f3ak, \u00faj negat\u00edv meglepet\u00e9s kev\u00e9sb\u00e9 val\u00f3sz\u00edn\u0171<\/li><li>Az ingatlanpiac alapvet\u0151 emelked\u0151 trendje \u00e9rv\u00e9nyben marad<\/li><\/ul>\n\n\n\n<div class=\"wp-block-image\"><figure class=\"aligncenter size-large\"><img loading=\"lazy\" decoding=\"async\" width=\"1024\" height=\"524\" src=\"https:\/\/becsingatlan.com\/pages\/wp-content\/uploads\/2020\/11\/Prognose-Immobilienpreisindex-Osterreich-1024x524.png\" alt=\"\" class=\"wp-image-372\" srcset=\"https:\/\/wienereigentumswohnungen.com\/pages\/wp-content\/uploads\/2020\/11\/Prognose-Immobilienpreisindex-Osterreich-1024x524.png 1024w, https:\/\/wienereigentumswohnungen.com\/pages\/wp-content\/uploads\/2020\/11\/Prognose-Immobilienpreisindex-Osterreich-300x153.png 300w, https:\/\/wienereigentumswohnungen.com\/pages\/wp-content\/uploads\/2020\/11\/Prognose-Immobilienpreisindex-Osterreich-768x393.png 768w, https:\/\/wienereigentumswohnungen.com\/pages\/wp-content\/uploads\/2020\/11\/Prognose-Immobilienpreisindex-Osterreich.png 1349w\" sizes=\"auto, (max-width: 1024px) 100vw, 1024px\" \/><figcaption><em>Raiffeisen el\u0151rejelz\u00e9s: Az osztr\u00e1k orsz\u00e1gos lak\u00e1s\u00e1rindex v\u00e1ltoz\u00e1sa<\/em><\/figcaption><\/figure><\/div>\n\n\n\n<p>A kedvez\u0151 demogr\u00e1fiai tendencia kiss\u00e9 visszafogottabban, de jelen van (a k\u00f6vetkez\u0151 5 \u00e9vben a n\u00e9pess\u00e9g tov\u00e1bb n\u00f6vekszik, csak m\u00e9rs\u00e9keltebb \u00fctemben, mint az el\u0151z\u0151 5 \u00e9vben.) B\u00e9csben a relev\u00e1ns kor\u00fa \u00e9s p\u00e9nz\u00fcgyi helyzet\u0171 csoportok n\u00f6veked\u00e9se er\u0151teljesen folytat\u00f3dik.<\/p>\n\n\n\n<p>A kor\u00e1bbi \u00e9vek megemelkedett \u00e9p\u00edtkez\u00e9si aktivit\u00e1sa \u00fagyszint\u00e9n egyens\u00falyban tartja a piacot.<\/p>\n\n\n\n<p class=\"has-text-align-left\">Forr\u00e1s:<br><a href=\"https:\/\/www.raiffeisen-immobilien.at\/storage\/uploads\/153b49cf-e732-4dbe-af48-ceba10f9e4b5\/Presseunterlagen_Immobilienmarktbericht-%C3%96sterreich-20201006.pdf\">https:\/\/www.raiffeisen-immobilien.at\/storage\/uploads\/153b49cf-e732-4dbe-af48-ceba10f9e4b5\/Presseunterlagen_Immobilienmarktbericht-%C3%96sterreich-20201006.pdf<\/a><br>Utols\u00f3 hozz\u00e1f\u00e9r\u00e9s 2020.11.06-\u00e1n<\/p>\n","protected":false},"excerpt":{"rendered":"<p>A Raiffeisen Bank okt\u00f3beri elemz\u00e9s\u00e9ben 4 aktu\u00e1lis trendet azonos\u00edtott az ausztriai ingatlanpiacon: Az \u00e1remelked\u00e9st a koronav\u00e1ls\u00e1g tov\u00e1bb gyors\u00edtotta A vagyoni biztons\u00e1g az els\u0151dleges szempont a tranzakci\u00f3kn\u00e1l Egy\u00e9rtelm\u0171en megn\u00f6vekedett kereslet A z\u00f6ld \u00f6vezethez k\u00f6zel es\u0151 ingatlanok a legkedveltebbek A kor\u00e1bbi id\u0151szak alacsony kamatk\u00f6rnyezete mell\u00e9 a biztons\u00e1gos eszk\u00f6z\u00f6k ir\u00e1nti ig\u00e9ny is megjelent az ingatlanpiaci keresletben, amelyet az [&hellip;]<\/p>\n","protected":false},"author":2,"featured_media":0,"comment_status":"closed","ping_status":"closed","sticky":false,"template":"","format":"standard","meta":{"footnotes":""},"categories":[5],"tags":[],"class_list":["post-359","post","type-post","status-publish","format-standard","hentry","category-ingatlanpiaci_hirek"],"yoast_head":"<!-- This site is optimized with the Yoast SEO plugin v22.7 - https:\/\/yoast.com\/wordpress\/plugins\/seo\/ -->\n<title>Raiffeisen Ingatlanpiaci trendek: A lak\u00e1s Ausztri\u00e1ban mint biztons\u00e1gi eszk\u00f6z: a kedvez\u0151 folyamatok kitartanak - Wiener Eigentumswohnungen<\/title>\n<meta name=\"robots\" content=\"index, follow, max-snippet:-1, max-image-preview:large, max-video-preview:-1\" \/>\n<link rel=\"canonical\" href=\"https:\/\/wienereigentumswohnungen.com\/pages\/raiffeisen-ingatlanpiaci-trendek-a-lakas-mint-biztonsagi-eszkoz-a-kedvezo-folyamatok-kitartanak\/\" \/>\n<meta property=\"og:locale\" content=\"en_US\" \/>\n<meta property=\"og:type\" content=\"article\" \/>\n<meta property=\"og:title\" content=\"Raiffeisen Ingatlanpiaci trendek: A lak\u00e1s Ausztri\u00e1ban mint biztons\u00e1gi eszk\u00f6z: a kedvez\u0151 folyamatok kitartanak - Wiener Eigentumswohnungen\" \/>\n<meta property=\"og:description\" content=\"A Raiffeisen Bank okt\u00f3beri elemz\u00e9s\u00e9ben 4 aktu\u00e1lis trendet azonos\u00edtott az ausztriai ingatlanpiacon: Az \u00e1remelked\u00e9st a koronav\u00e1ls\u00e1g tov\u00e1bb gyors\u00edtotta A vagyoni biztons\u00e1g az els\u0151dleges szempont a tranzakci\u00f3kn\u00e1l Egy\u00e9rtelm\u0171en megn\u00f6vekedett kereslet A z\u00f6ld \u00f6vezethez k\u00f6zel es\u0151 ingatlanok a legkedveltebbek A kor\u00e1bbi id\u0151szak alacsony kamatk\u00f6rnyezete mell\u00e9 a biztons\u00e1gos eszk\u00f6z\u00f6k ir\u00e1nti ig\u00e9ny is megjelent az ingatlanpiaci keresletben, amelyet az [&hellip;]\" \/>\n<meta property=\"og:url\" content=\"https:\/\/wienereigentumswohnungen.com\/pages\/raiffeisen-ingatlanpiaci-trendek-a-lakas-mint-biztonsagi-eszkoz-a-kedvezo-folyamatok-kitartanak\/\" \/>\n<meta property=\"og:site_name\" content=\"Wiener Eigentumswohnungen\" \/>\n<meta property=\"article:publisher\" content=\"https:\/\/www.facebook.com\/becsingatlanok\/\" \/>\n<meta property=\"article:published_time\" content=\"2020-11-04T15:33:09+00:00\" \/>\n<meta property=\"article:modified_time\" content=\"2020-11-06T10:25:01+00:00\" \/>\n<meta property=\"og:image\" content=\"https:\/\/becsingatlan.com\/pages\/wp-content\/uploads\/2020\/11\/BIP-Real-indexiert-1024x534.png\" \/>\n<meta name=\"author\" content=\"Zoltan Nagy\" \/>\n<meta name=\"twitter:card\" content=\"summary_large_image\" \/>\n<meta name=\"twitter:label1\" content=\"Written by\" \/>\n\t<meta name=\"twitter:data1\" content=\"Zoltan Nagy\" \/>\n\t<meta name=\"twitter:label2\" content=\"Est. reading time\" \/>\n\t<meta name=\"twitter:data2\" content=\"3 minutes\" \/>\n<script type=\"application\/ld+json\" class=\"yoast-schema-graph\">{\"@context\":\"https:\/\/schema.org\",\"@graph\":[{\"@type\":\"WebPage\",\"@id\":\"https:\/\/wienereigentumswohnungen.com\/pages\/raiffeisen-ingatlanpiaci-trendek-a-lakas-mint-biztonsagi-eszkoz-a-kedvezo-folyamatok-kitartanak\/\",\"url\":\"https:\/\/wienereigentumswohnungen.com\/pages\/raiffeisen-ingatlanpiaci-trendek-a-lakas-mint-biztonsagi-eszkoz-a-kedvezo-folyamatok-kitartanak\/\",\"name\":\"Raiffeisen Ingatlanpiaci trendek: A lak\u00e1s Ausztri\u00e1ban mint biztons\u00e1gi eszk\u00f6z: a kedvez\u0151 folyamatok kitartanak - Wiener Eigentumswohnungen\",\"isPartOf\":{\"@id\":\"https:\/\/wienereigentumswohnungen.com\/pages\/#website\"},\"primaryImageOfPage\":{\"@id\":\"https:\/\/wienereigentumswohnungen.com\/pages\/raiffeisen-ingatlanpiaci-trendek-a-lakas-mint-biztonsagi-eszkoz-a-kedvezo-folyamatok-kitartanak\/#primaryimage\"},\"image\":{\"@id\":\"https:\/\/wienereigentumswohnungen.com\/pages\/raiffeisen-ingatlanpiaci-trendek-a-lakas-mint-biztonsagi-eszkoz-a-kedvezo-folyamatok-kitartanak\/#primaryimage\"},\"thumbnailUrl\":\"https:\/\/becsingatlan.com\/pages\/wp-content\/uploads\/2020\/11\/BIP-Real-indexiert-1024x534.png\",\"datePublished\":\"2020-11-04T15:33:09+00:00\",\"dateModified\":\"2020-11-06T10:25:01+00:00\",\"author\":{\"@id\":\"https:\/\/wienereigentumswohnungen.com\/pages\/#\/schema\/person\/1731478b0ce667ef0f89dd249bad44d2\"},\"breadcrumb\":{\"@id\":\"https:\/\/wienereigentumswohnungen.com\/pages\/raiffeisen-ingatlanpiaci-trendek-a-lakas-mint-biztonsagi-eszkoz-a-kedvezo-folyamatok-kitartanak\/#breadcrumb\"},\"inLanguage\":\"en-US\",\"potentialAction\":[{\"@type\":\"ReadAction\",\"target\":[\"https:\/\/wienereigentumswohnungen.com\/pages\/raiffeisen-ingatlanpiaci-trendek-a-lakas-mint-biztonsagi-eszkoz-a-kedvezo-folyamatok-kitartanak\/\"]}]},{\"@type\":\"ImageObject\",\"inLanguage\":\"en-US\",\"@id\":\"https:\/\/wienereigentumswohnungen.com\/pages\/raiffeisen-ingatlanpiaci-trendek-a-lakas-mint-biztonsagi-eszkoz-a-kedvezo-folyamatok-kitartanak\/#primaryimage\",\"url\":\"https:\/\/becsingatlan.com\/pages\/wp-content\/uploads\/2020\/11\/BIP-Real-indexiert-1024x534.png\",\"contentUrl\":\"https:\/\/becsingatlan.com\/pages\/wp-content\/uploads\/2020\/11\/BIP-Real-indexiert-1024x534.png\"},{\"@type\":\"BreadcrumbList\",\"@id\":\"https:\/\/wienereigentumswohnungen.com\/pages\/raiffeisen-ingatlanpiaci-trendek-a-lakas-mint-biztonsagi-eszkoz-a-kedvezo-folyamatok-kitartanak\/#breadcrumb\",\"itemListElement\":[{\"@type\":\"ListItem\",\"position\":1,\"name\":\"Home\",\"item\":\"https:\/\/wienereigentumswohnungen.com\/pages\/\"},{\"@type\":\"ListItem\",\"position\":2,\"name\":\"Raiffeisen Ingatlanpiaci trendek: A lak\u00e1s Ausztri\u00e1ban mint biztons\u00e1gi eszk\u00f6z: a kedvez\u0151 folyamatok kitartanak\"}]},{\"@type\":\"WebSite\",\"@id\":\"https:\/\/wienereigentumswohnungen.com\/pages\/#website\",\"url\":\"https:\/\/wienereigentumswohnungen.com\/pages\/\",\"name\":\"Wiener Eigentumswohnungen\",\"description\":\"\",\"potentialAction\":[{\"@type\":\"SearchAction\",\"target\":{\"@type\":\"EntryPoint\",\"urlTemplate\":\"https:\/\/wienereigentumswohnungen.com\/pages\/?s={search_term_string}\"},\"query-input\":\"required name=search_term_string\"}],\"inLanguage\":\"en-US\"},{\"@type\":\"Person\",\"@id\":\"https:\/\/wienereigentumswohnungen.com\/pages\/#\/schema\/person\/1731478b0ce667ef0f89dd249bad44d2\",\"name\":\"Zoltan Nagy\",\"image\":{\"@type\":\"ImageObject\",\"inLanguage\":\"en-US\",\"@id\":\"https:\/\/wienereigentumswohnungen.com\/pages\/#\/schema\/person\/image\/\",\"url\":\"https:\/\/secure.gravatar.com\/avatar\/1600d03194e3298bd5da77a5123420a195925fb0e25be9a8ea962e15f6d0a4f2?s=96&d=mm&r=g\",\"contentUrl\":\"https:\/\/secure.gravatar.com\/avatar\/1600d03194e3298bd5da77a5123420a195925fb0e25be9a8ea962e15f6d0a4f2?s=96&d=mm&r=g\",\"caption\":\"Zoltan Nagy\"},\"sameAs\":[\"http:\/\/becsingatlan.com\"],\"url\":\"https:\/\/wienereigentumswohnungen.com\/pages\/author\/zoltan-nagy\/\"}]}<\/script>\n<!-- \/ Yoast SEO plugin. -->","yoast_head_json":{"title":"Raiffeisen Ingatlanpiaci trendek: A lak\u00e1s Ausztri\u00e1ban mint biztons\u00e1gi eszk\u00f6z: a kedvez\u0151 folyamatok kitartanak - Wiener Eigentumswohnungen","robots":{"index":"index","follow":"follow","max-snippet":"max-snippet:-1","max-image-preview":"max-image-preview:large","max-video-preview":"max-video-preview:-1"},"canonical":"https:\/\/wienereigentumswohnungen.com\/pages\/raiffeisen-ingatlanpiaci-trendek-a-lakas-mint-biztonsagi-eszkoz-a-kedvezo-folyamatok-kitartanak\/","og_locale":"en_US","og_type":"article","og_title":"Raiffeisen Ingatlanpiaci trendek: A lak\u00e1s Ausztri\u00e1ban mint biztons\u00e1gi eszk\u00f6z: a kedvez\u0151 folyamatok kitartanak - Wiener Eigentumswohnungen","og_description":"A Raiffeisen Bank okt\u00f3beri elemz\u00e9s\u00e9ben 4 aktu\u00e1lis trendet azonos\u00edtott az ausztriai ingatlanpiacon: Az \u00e1remelked\u00e9st a koronav\u00e1ls\u00e1g tov\u00e1bb gyors\u00edtotta A vagyoni biztons\u00e1g az els\u0151dleges szempont a tranzakci\u00f3kn\u00e1l Egy\u00e9rtelm\u0171en megn\u00f6vekedett kereslet A z\u00f6ld \u00f6vezethez k\u00f6zel es\u0151 ingatlanok a legkedveltebbek A kor\u00e1bbi id\u0151szak alacsony kamatk\u00f6rnyezete mell\u00e9 a biztons\u00e1gos eszk\u00f6z\u00f6k ir\u00e1nti ig\u00e9ny is megjelent az ingatlanpiaci keresletben, amelyet az [&hellip;]","og_url":"https:\/\/wienereigentumswohnungen.com\/pages\/raiffeisen-ingatlanpiaci-trendek-a-lakas-mint-biztonsagi-eszkoz-a-kedvezo-folyamatok-kitartanak\/","og_site_name":"Wiener Eigentumswohnungen","article_publisher":"https:\/\/www.facebook.com\/becsingatlanok\/","article_published_time":"2020-11-04T15:33:09+00:00","article_modified_time":"2020-11-06T10:25:01+00:00","og_image":[{"url":"https:\/\/becsingatlan.com\/pages\/wp-content\/uploads\/2020\/11\/BIP-Real-indexiert-1024x534.png"}],"author":"Zoltan Nagy","twitter_card":"summary_large_image","twitter_misc":{"Written by":"Zoltan Nagy","Est. reading time":"3 minutes"},"schema":{"@context":"https:\/\/schema.org","@graph":[{"@type":"WebPage","@id":"https:\/\/wienereigentumswohnungen.com\/pages\/raiffeisen-ingatlanpiaci-trendek-a-lakas-mint-biztonsagi-eszkoz-a-kedvezo-folyamatok-kitartanak\/","url":"https:\/\/wienereigentumswohnungen.com\/pages\/raiffeisen-ingatlanpiaci-trendek-a-lakas-mint-biztonsagi-eszkoz-a-kedvezo-folyamatok-kitartanak\/","name":"Raiffeisen Ingatlanpiaci trendek: A lak\u00e1s Ausztri\u00e1ban mint biztons\u00e1gi eszk\u00f6z: a kedvez\u0151 folyamatok kitartanak - Wiener Eigentumswohnungen","isPartOf":{"@id":"https:\/\/wienereigentumswohnungen.com\/pages\/#website"},"primaryImageOfPage":{"@id":"https:\/\/wienereigentumswohnungen.com\/pages\/raiffeisen-ingatlanpiaci-trendek-a-lakas-mint-biztonsagi-eszkoz-a-kedvezo-folyamatok-kitartanak\/#primaryimage"},"image":{"@id":"https:\/\/wienereigentumswohnungen.com\/pages\/raiffeisen-ingatlanpiaci-trendek-a-lakas-mint-biztonsagi-eszkoz-a-kedvezo-folyamatok-kitartanak\/#primaryimage"},"thumbnailUrl":"https:\/\/becsingatlan.com\/pages\/wp-content\/uploads\/2020\/11\/BIP-Real-indexiert-1024x534.png","datePublished":"2020-11-04T15:33:09+00:00","dateModified":"2020-11-06T10:25:01+00:00","author":{"@id":"https:\/\/wienereigentumswohnungen.com\/pages\/#\/schema\/person\/1731478b0ce667ef0f89dd249bad44d2"},"breadcrumb":{"@id":"https:\/\/wienereigentumswohnungen.com\/pages\/raiffeisen-ingatlanpiaci-trendek-a-lakas-mint-biztonsagi-eszkoz-a-kedvezo-folyamatok-kitartanak\/#breadcrumb"},"inLanguage":"en-US","potentialAction":[{"@type":"ReadAction","target":["https:\/\/wienereigentumswohnungen.com\/pages\/raiffeisen-ingatlanpiaci-trendek-a-lakas-mint-biztonsagi-eszkoz-a-kedvezo-folyamatok-kitartanak\/"]}]},{"@type":"ImageObject","inLanguage":"en-US","@id":"https:\/\/wienereigentumswohnungen.com\/pages\/raiffeisen-ingatlanpiaci-trendek-a-lakas-mint-biztonsagi-eszkoz-a-kedvezo-folyamatok-kitartanak\/#primaryimage","url":"https:\/\/becsingatlan.com\/pages\/wp-content\/uploads\/2020\/11\/BIP-Real-indexiert-1024x534.png","contentUrl":"https:\/\/becsingatlan.com\/pages\/wp-content\/uploads\/2020\/11\/BIP-Real-indexiert-1024x534.png"},{"@type":"BreadcrumbList","@id":"https:\/\/wienereigentumswohnungen.com\/pages\/raiffeisen-ingatlanpiaci-trendek-a-lakas-mint-biztonsagi-eszkoz-a-kedvezo-folyamatok-kitartanak\/#breadcrumb","itemListElement":[{"@type":"ListItem","position":1,"name":"Home","item":"https:\/\/wienereigentumswohnungen.com\/pages\/"},{"@type":"ListItem","position":2,"name":"Raiffeisen Ingatlanpiaci trendek: A lak\u00e1s Ausztri\u00e1ban mint biztons\u00e1gi eszk\u00f6z: a kedvez\u0151 folyamatok kitartanak"}]},{"@type":"WebSite","@id":"https:\/\/wienereigentumswohnungen.com\/pages\/#website","url":"https:\/\/wienereigentumswohnungen.com\/pages\/","name":"Wiener Eigentumswohnungen","description":"","potentialAction":[{"@type":"SearchAction","target":{"@type":"EntryPoint","urlTemplate":"https:\/\/wienereigentumswohnungen.com\/pages\/?s={search_term_string}"},"query-input":"required name=search_term_string"}],"inLanguage":"en-US"},{"@type":"Person","@id":"https:\/\/wienereigentumswohnungen.com\/pages\/#\/schema\/person\/1731478b0ce667ef0f89dd249bad44d2","name":"Zoltan Nagy","image":{"@type":"ImageObject","inLanguage":"en-US","@id":"https:\/\/wienereigentumswohnungen.com\/pages\/#\/schema\/person\/image\/","url":"https:\/\/secure.gravatar.com\/avatar\/1600d03194e3298bd5da77a5123420a195925fb0e25be9a8ea962e15f6d0a4f2?s=96&d=mm&r=g","contentUrl":"https:\/\/secure.gravatar.com\/avatar\/1600d03194e3298bd5da77a5123420a195925fb0e25be9a8ea962e15f6d0a4f2?s=96&d=mm&r=g","caption":"Zoltan Nagy"},"sameAs":["http:\/\/becsingatlan.com"],"url":"https:\/\/wienereigentumswohnungen.com\/pages\/author\/zoltan-nagy\/"}]}},"_links":{"self":[{"href":"https:\/\/wienereigentumswohnungen.com\/pages\/wp-json\/wp\/v2\/posts\/359","targetHints":{"allow":["GET"]}}],"collection":[{"href":"https:\/\/wienereigentumswohnungen.com\/pages\/wp-json\/wp\/v2\/posts"}],"about":[{"href":"https:\/\/wienereigentumswohnungen.com\/pages\/wp-json\/wp\/v2\/types\/post"}],"author":[{"embeddable":true,"href":"https:\/\/wienereigentumswohnungen.com\/pages\/wp-json\/wp\/v2\/users\/2"}],"replies":[{"embeddable":true,"href":"https:\/\/wienereigentumswohnungen.com\/pages\/wp-json\/wp\/v2\/comments?post=359"}],"version-history":[{"count":13,"href":"https:\/\/wienereigentumswohnungen.com\/pages\/wp-json\/wp\/v2\/posts\/359\/revisions"}],"predecessor-version":[{"id":389,"href":"https:\/\/wienereigentumswohnungen.com\/pages\/wp-json\/wp\/v2\/posts\/359\/revisions\/389"}],"wp:attachment":[{"href":"https:\/\/wienereigentumswohnungen.com\/pages\/wp-json\/wp\/v2\/media?parent=359"}],"wp:term":[{"taxonomy":"category","embeddable":true,"href":"https:\/\/wienereigentumswohnungen.com\/pages\/wp-json\/wp\/v2\/categories?post=359"},{"taxonomy":"post_tag","embeddable":true,"href":"https:\/\/wienereigentumswohnungen.com\/pages\/wp-json\/wp\/v2\/tags?post=359"}],"curies":[{"name":"wp","href":"https:\/\/api.w.org\/{rel}","templated":true}]}}